{"id":21395,"date":"2025-01-04T12:45:28","date_gmt":"2025-01-04T12:45:28","guid":{"rendered":"https:\/\/247stiri.ro\/index.php\/2025\/01\/04\/stegarul-dac-a-ingreunat-circulatia-rutiera-de-aceasta-data-s-a-urcat-pe-cladirea-universitatii-iar-autoritatile-incearca-sa-il-dea-jos-cu-o-echipa-de-negociatori\/"},"modified":"2025-01-04T12:45:28","modified_gmt":"2025-01-04T12:45:28","slug":"stegarul-dac-a-ingreunat-circulatia-rutiera-de-aceasta-data-s-a-urcat-pe-cladirea-universitatii-iar-autoritatile-incearca-sa-il-dea-jos-cu-o-echipa-de-negociatori","status":"publish","type":"post","link":"https:\/\/247stiri.ro\/index.php\/2025\/01\/04\/stegarul-dac-a-ingreunat-circulatia-rutiera-de-aceasta-data-s-a-urcat-pe-cladirea-universitatii-iar-autoritatile-incearca-sa-il-dea-jos-cu-o-echipa-de-negociatori\/","title":{"rendered":"Stegarul Dac a \u00eengreunat circula\u021bia rutier\u0103. De aceast\u0103 dat\u0103, s-a urcat pe cl\u0103direa Universit\u0103\u021bii iar autorit\u0103\u021bile \u00eencearc\u0103 s\u0103 \u00eel dea jos, cu o echip\u0103 de negociatori"},"content":{"rendered":"<p>Aceast\u0103 ac\u021biune a dus la restric\u021bionarea traficului, care se desf\u0103\u0219oar\u0103 acum pe dou\u0103 benzi \u00een zona Universit\u0103\u021bii, pe sensul dintre Pia\u021ba Roman\u0103. Autorit\u0103\u021bile au mobilizat o echip\u0103 de negociatori pentru a \u00eencerca s\u0103-l conving\u0103 pe Stegarul Dac s\u0103 coboare, \u00een timp ce \u0219oferii \u0219i pietonii se confrunt\u0103 cu dificult\u0103\u021bi \u00een a-\u0219i continua drumul.\u00a0<\/p>\n<p>\u201eAst\u0103zi, 4 decembrie 2025, poli\u021bi\u0219ti din cadrul Direc\u021biei Generale de Poli\u021bie a Municipiului Bucure\u0219ti- Sec\u021bia 1 Poli\u021bie au fost sesiza\u021bi, prin apel 112, \u00een jurul orei 12.10, cu privire la faptul c\u0103 o persoan\u0103 s-ar fi urcat pe cl\u0103direa unei universit\u0103\u021bi, pun\u00e2ndu-\u0219i astfel via\u021ba \u00een pericol. La fa\u021ba locului s-au deplasat cu operativitate poli\u021bi\u0219ti din cadrul subunit\u0103\u021bii, care au constatat c\u0103 cele sesizate se confirm\u0103, \u00een cauz\u0103 fiind identificat un b\u0103rbat, \u00een v\u00e2rst\u0103 de 57 de ani\u201d, a informat Direc\u021bia General\u0103 a Poli\u021biei Municipiului Bucure\u0219ti (DGPMB).<\/p>\n<p>Potrivit poli\u021bi\u0219tilor bucure\u0219teni, \u201eechipele de negociatori, din cadrul Serviciului pentru Ac\u021biuni Speciale, sosite la adres\u0103, rela\u021bioneaz\u0103 cu b\u0103rbatul \u00een cauz\u0103\u201d.<\/p>\n<p>\u00cen sprijin s-au deplasat \u0219i echipaje din cadrul Inspectoratului pentru Situa\u021bii de Urgen\u021b\u0103 Bucure\u0219ti-Ilfov \u0219i echipaje de prim-ajutor.<\/p>\n<p>\u201ePoli\u021bi\u0219tii care s-au deplasat la fa\u021ba locului au delimitat \u0219i au asigurat zona, \u00een dreptul cl\u0103dirii \u0219i au fost aplicate restric\u021bii de trafic rutier, pe benzile I \u0219i II, sensul de mers dinspre Pia\u021ba Roman\u0103 c\u0103tre Pia\u021ba Universit\u0103\u021bii. La acest moment, activit\u0103\u021bile sunt \u00een desf\u0103\u0219urare, pentru gestionarea situa\u021biei \u0219i pentru prevenirea oric\u0103rui pericol la care se expune b\u0103rbatul \u00een cauz\u0103\u201d,\u00a0a mai informat DGPMB.<\/p>\n<p>\u201eStegarul Dac\u201d este un vechi cunoscut al autorit\u0103\u021bilor, prin numeroasele ac\u021biuni ale sale, multe dintre acestea const\u00e2nd \u00een escaladarea cl\u0103diri \u00eenso\u021bit de un steag. Numele s\u0103u real este Cezar Avramu\u021b\u0103 \u0219i a c\u00e2\u0219tigat notorietate prin proteste \u00een care a recurs la gesturi extreme pentru a atrage aten\u021bia publicului asupra nemul\u021bumirilor sale.<\/p>\n<p><a href=\"https:\/\/www.realitatea.net\/stiri\/actual\/cezar-avarmuta-stegarul-dac-implicat-intrun-un-nou-incident-sa-urcat-pe-un-stalp-din-fata-palatului-parlamentului-video_67585378e4f39e1643768713\" target=\"_blank\">Cezar Av\u0103rmu\u021b\u0103, \u201estegarul dac\u201d, implicat \u00eentr-un un nou incident: S-a urcat pe un st\u00e2lp din fa\u021ba Palatului Parlamentului VIDEO<\/a><\/p>","protected":false},"excerpt":{"rendered":"<p>Aceast\u0103 ac\u021biune a dus la restric\u021bionarea traficului, care se desf\u0103\u0219oar\u0103 acum pe dou\u0103 benzi \u00een&hellip;<\/p>\n","protected":false},"author":0,"featured_media":21396,"comment_status":"open","ping_status":"open","sticky":false,"template":"","format":"standard","meta":{"footnotes":""},"categories":[2],"tags":[],"class_list":["post-21395","post","type-post","status-publish","format-standard","has-post-thumbnail","hentry","category-actual"],"_links":{"self":[{"href":"https:\/\/247stiri.ro\/index.php\/wp-json\/wp\/v2\/posts\/21395","targetHints":{"allow":["GET"]}}],"collection":[{"href":"https:\/\/247stiri.ro\/index.php\/wp-json\/wp\/v2\/posts"}],"about":[{"href":"https:\/\/247stiri.ro\/index.php\/wp-json\/wp\/v2\/types\/post"}],"replies":[{"embeddable":true,"href":"https:\/\/247stiri.ro\/index.php\/wp-json\/wp\/v2\/comments?post=21395"}],"version-history":[{"count":0,"href":"https:\/\/247stiri.ro\/index.php\/wp-json\/wp\/v2\/posts\/21395\/revisions"}],"wp:featuredmedia":[{"embeddable":true,"href":"https:\/\/247stiri.ro\/index.php\/wp-json\/wp\/v2\/media\/21396"}],"wp:attachment":[{"href":"https:\/\/247stiri.ro\/index.php\/wp-json\/wp\/v2\/media?parent=21395"}],"wp:term":[{"taxonomy":"category","embeddable":true,"href":"https:\/\/247stiri.ro\/index.php\/wp-json\/wp\/v2\/categories?post=21395"},{"taxonomy":"post_tag","embeddable":true,"href":"https:\/\/247stiri.ro\/index.php\/wp-json\/wp\/v2\/tags?post=21395"}],"curies":[{"name":"wp","href":"https:\/\/api.w.org\/{rel}","templated":true}]}}