{"id":21416,"date":"2025-01-04T15:46:42","date_gmt":"2025-01-04T15:46:42","guid":{"rendered":"https:\/\/247stiri.ro\/index.php\/2025\/01\/04\/george-simion-arunca-bomba-se-pregateste-suspendarea-lui-iohannis-cand-s-ar-putea-face-primul-pas\/"},"modified":"2025-01-04T15:46:42","modified_gmt":"2025-01-04T15:46:42","slug":"george-simion-arunca-bomba-se-pregateste-suspendarea-lui-iohannis-cand-s-ar-putea-face-primul-pas","status":"publish","type":"post","link":"https:\/\/247stiri.ro\/index.php\/2025\/01\/04\/george-simion-arunca-bomba-se-pregateste-suspendarea-lui-iohannis-cand-s-ar-putea-face-primul-pas\/","title":{"rendered":"George Simion arunc\u0103 BOMBA: &#8222;Se preg\u0103te\u0219te suspendarea lui Iohannis!&#8221; C\u00e2nd s-ar putea face primul pas"},"content":{"rendered":"<p>&#8222;Noi nu vrem s\u0103 confisc\u0103m \u00een vreun fel aceast\u0103 manifesta\u021bie, vrem doar s\u0103 asigur\u0103m un cadru legal, \u00een care zeci de mii de oameni care fierb in cauza nedrept\u0103\u021bii care s-a \u00eent\u00e2mplat s\u0103-\u0219i poat\u0103 manifesta nemul\u021bumirea, f\u0103r\u0103 s\u0103 existe provocatori, instigatori, f\u0103r\u0103 ca domnul Klaus Iohannis s\u0103 instituie starea de urgen\u021b\u0103 \u0219i s\u0103 beneficieze de haos, a\u0219a cum a f\u0103cut timp de zece ani.\u00a0<\/p>\n<p>De aceea este important ca rom\u00e2nii s\u0103 vad\u0103 c\u0103 nu sunt singuri \u0219i c\u0103 nu toat\u0103 clasa politic\u0103 este format\u0103 din tr\u0103d\u0103tori.<\/p>\n<p>De ce nu incepem procedura de suspendare a lui Iohannis? Aceasta este una dintre metodele pe care le vom folosi imediat ce va \u00eencepe sesiunea parlamentar\u0103. Este adev\u0103rat c\u0103 o treime din Parlament este format\u0103 din suverani\u0219ti, avem \u0219i semn\u0103turile, nu \u0219tiu dac\u0103 vom avea majoritate, probabil c\u0103 nu, deoarece PSD a fost \u00eentotdeauna la brelocul ui Klaus Iohannis, dar este datoria noastr\u0103 s\u0103 facem asta \u00eenc\u0103 din prima zi de Parlament&#8221;, a declarat Simion.<\/p>","protected":false},"excerpt":{"rendered":"<p>&#8222;Noi nu vrem s\u0103 confisc\u0103m \u00een vreun fel aceast\u0103 manifesta\u021bie, vrem doar s\u0103 asigur\u0103m un&hellip;<\/p>\n","protected":false},"author":0,"featured_media":21417,"comment_status":"open","ping_status":"open","sticky":false,"template":"","format":"standard","meta":{"footnotes":""},"categories":[3],"tags":[],"class_list":["post-21416","post","type-post","status-publish","format-standard","has-post-thumbnail","hentry","category-politica"],"_links":{"self":[{"href":"https:\/\/247stiri.ro\/index.php\/wp-json\/wp\/v2\/posts\/21416","targetHints":{"allow":["GET"]}}],"collection":[{"href":"https:\/\/247stiri.ro\/index.php\/wp-json\/wp\/v2\/posts"}],"about":[{"href":"https:\/\/247stiri.ro\/index.php\/wp-json\/wp\/v2\/types\/post"}],"replies":[{"embeddable":true,"href":"https:\/\/247stiri.ro\/index.php\/wp-json\/wp\/v2\/comments?post=21416"}],"version-history":[{"count":0,"href":"https:\/\/247stiri.ro\/index.php\/wp-json\/wp\/v2\/posts\/21416\/revisions"}],"wp:featuredmedia":[{"embeddable":true,"href":"https:\/\/247stiri.ro\/index.php\/wp-json\/wp\/v2\/media\/21417"}],"wp:attachment":[{"href":"https:\/\/247stiri.ro\/index.php\/wp-json\/wp\/v2\/media?parent=21416"}],"wp:term":[{"taxonomy":"category","embeddable":true,"href":"https:\/\/247stiri.ro\/index.php\/wp-json\/wp\/v2\/categories?post=21416"},{"taxonomy":"post_tag","embeddable":true,"href":"https:\/\/247stiri.ro\/index.php\/wp-json\/wp\/v2\/tags?post=21416"}],"curies":[{"name":"wp","href":"https:\/\/api.w.org\/{rel}","templated":true}]}}