{"id":21427,"date":"2025-01-04T16:45:47","date_gmt":"2025-01-04T16:45:47","guid":{"rendered":"https:\/\/247stiri.ro\/index.php\/2025\/01\/04\/calin-georgescu-acuzatii-grave-in-presa-straina-legate-de-anularea-alegerilor-iohannis-a-recunoscut-ca-nu-are-dovezi\/"},"modified":"2025-01-04T16:45:47","modified_gmt":"2025-01-04T16:45:47","slug":"calin-georgescu-acuzatii-grave-in-presa-straina-legate-de-anularea-alegerilor-iohannis-a-recunoscut-ca-nu-are-dovezi","status":"publish","type":"post","link":"https:\/\/247stiri.ro\/index.php\/2025\/01\/04\/calin-georgescu-acuzatii-grave-in-presa-straina-legate-de-anularea-alegerilor-iohannis-a-recunoscut-ca-nu-are-dovezi\/","title":{"rendered":"C\u0103lin Georgescu, acuza\u021bii grave \u00een presa str\u0103in\u0103 legate de ANULAREA alegerilor: Iohannis a recunoscut c\u0103 nu are dovezi"},"content":{"rendered":"<p>C\u0103lin Georgescu: \u00cen exact ziua de 3 decembrie sau 4, a fost un mare atac, noaptea, la casa mea, mi-au distrus sistemul de electricitate, a\u0219a c\u0103 am r\u0103mas f\u0103r\u0103 curent electric, f\u0103r\u0103 internet, f\u0103r\u0103 c\u0103ldur\u0103, totul a fost distrus.<\/p>\n<p>Moderator: V-a distrus sistemul electric \u00een mijlocul iernii?<\/p>\n<p>G\u0103lin Georgescu: Da! \u0218i a durat totul trei zile pentru c\u0103 nimeni nu a vrut s\u0103 vin\u0103 s\u0103 repare daunele. Apoi am reu\u0219it pas cu pas s\u0103 refacem sistemul electric. Dincolo de aceste pagube, mai este \u0219i atacul din mass-media, atac permanent f\u0103r\u0103 dovezi! Drag\u0103 Jackson, vreau s\u0103 le spun tuturor c\u0103, \u00een ultimele zile din decembrie, fostul pre\u0219edinte, ilegitim \u00een prezent, a fost \u00een Bruxelles, unde a \u021binut o conferin\u021b\u0103 de pres\u0103, iar jurnali\u0219tii i-au adresat \u00eentreb\u0103ri: &lt;&lt;Ave\u021bi dovezi pentru sus\u021binerea deciziei CCR?&gt;&gt; Iar el a spus: &lt;&lt;Nu, nu avem dovezi, avem suspiciuni!&gt;&gt; Deci atunci c\u00e2nd \u00eenc\u0103 era pre\u0219edinte \u00een func\u021bie a afirmat c\u0103 nu exist\u0103 probe!<\/p>","protected":false},"excerpt":{"rendered":"<p>C\u0103lin Georgescu: \u00cen exact ziua de 3 decembrie sau 4, a fost un mare atac,&hellip;<\/p>\n","protected":false},"author":0,"featured_media":21428,"comment_status":"open","ping_status":"open","sticky":false,"template":"","format":"standard","meta":{"footnotes":""},"categories":[3],"tags":[],"class_list":["post-21427","post","type-post","status-publish","format-standard","has-post-thumbnail","hentry","category-politica"],"_links":{"self":[{"href":"https:\/\/247stiri.ro\/index.php\/wp-json\/wp\/v2\/posts\/21427","targetHints":{"allow":["GET"]}}],"collection":[{"href":"https:\/\/247stiri.ro\/index.php\/wp-json\/wp\/v2\/posts"}],"about":[{"href":"https:\/\/247stiri.ro\/index.php\/wp-json\/wp\/v2\/types\/post"}],"replies":[{"embeddable":true,"href":"https:\/\/247stiri.ro\/index.php\/wp-json\/wp\/v2\/comments?post=21427"}],"version-history":[{"count":0,"href":"https:\/\/247stiri.ro\/index.php\/wp-json\/wp\/v2\/posts\/21427\/revisions"}],"wp:featuredmedia":[{"embeddable":true,"href":"https:\/\/247stiri.ro\/index.php\/wp-json\/wp\/v2\/media\/21428"}],"wp:attachment":[{"href":"https:\/\/247stiri.ro\/index.php\/wp-json\/wp\/v2\/media?parent=21427"}],"wp:term":[{"taxonomy":"category","embeddable":true,"href":"https:\/\/247stiri.ro\/index.php\/wp-json\/wp\/v2\/categories?post=21427"},{"taxonomy":"post_tag","embeddable":true,"href":"https:\/\/247stiri.ro\/index.php\/wp-json\/wp\/v2\/tags?post=21427"}],"curies":[{"name":"wp","href":"https:\/\/api.w.org\/{rel}","templated":true}]}}