{"id":2143,"date":"2024-10-26T17:44:47","date_gmt":"2024-10-26T17:44:47","guid":{"rendered":"https:\/\/247stiri.ro\/index.php\/2024\/10\/26\/moarte-cumplita-pentru-un-barbat-de-38-de-ani-din-gorj-a-fost-injunghiat-si-lasat-sa-agonizeze-intr-un-sant\/"},"modified":"2024-10-26T17:44:47","modified_gmt":"2024-10-26T17:44:47","slug":"moarte-cumplita-pentru-un-barbat-de-38-de-ani-din-gorj-a-fost-injunghiat-si-lasat-sa-agonizeze-intr-un-sant","status":"publish","type":"post","link":"https:\/\/247stiri.ro\/index.php\/2024\/10\/26\/moarte-cumplita-pentru-un-barbat-de-38-de-ani-din-gorj-a-fost-injunghiat-si-lasat-sa-agonizeze-intr-un-sant\/","title":{"rendered":"Moarte cumplit\u0103 pentru un b\u0103rbat de 38 de ani, din Gorj. A fost \u00eenjunghiat \u015fi l\u0103sat s\u0103 agonizeze \u00eentr-un \u015fan\u0163"},"content":{"rendered":"<p>Un gorjean din comuna Stoina a descoperit s\u00e2mb\u0103t\u0103 la prima or\u0103 a dimine\u0163ii cadavrul unui b\u0103rbat z\u0103c\u00e2nd \u00eentr-un \u015fan\u0163. Trupul prezenta urme de \u00eenjunghiere, iar mandibula era rupt\u0103.<\/p>\n<p>Anchetatorii au stabilit c\u0103 b\u0103rbatul ucis se nume\u015fte Cerga Marian \u015fi avea 38 de ani. Din informa\u021biile publicate de presa local\u0103, acesta locuia \u00een Stoina \u015fi era cunoscut ca fiind conflictual \u015fi av\u00e2nd probleme cu alcoolul, de-a lungul timpului fiind implicat \u00een mai multe conflicte.<\/p>\n<p>Dosarul acestei mor\u0163i suspecte a fost preluat de Parchetul Jude\u021bean, anchetatorii confirm\u00e2nd c\u0103 b\u0103rbatul prezenta o leziune care ar fi putut fi produs\u0103 prin \u00eenjunghiere.<\/p>\n<p>\u00cen prezent nu exist\u0103 niciun un suspect, dar cercet\u0103rile ulterioare \u015fi concluziile medicilor legi\u015fti \u00eei vor ajuta pe oamenii legii s\u0103 se l\u0103mureasc\u0103 \u00eentruc\u00e2tva \u00een leg\u0103tur\u0103 cu curcumstan\u0163ele producerii tragicului eveniment.<\/p>","protected":false},"excerpt":{"rendered":"<p>Un gorjean din comuna Stoina a descoperit s\u00e2mb\u0103t\u0103 la prima or\u0103 a dimine\u0163ii cadavrul unui&hellip;<\/p>\n","protected":false},"author":0,"featured_media":2144,"comment_status":"open","ping_status":"open","sticky":false,"template":"","format":"standard","meta":{"footnotes":""},"categories":[2],"tags":[],"class_list":["post-2143","post","type-post","status-publish","format-standard","has-post-thumbnail","hentry","category-actual"],"_links":{"self":[{"href":"https:\/\/247stiri.ro\/index.php\/wp-json\/wp\/v2\/posts\/2143","targetHints":{"allow":["GET"]}}],"collection":[{"href":"https:\/\/247stiri.ro\/index.php\/wp-json\/wp\/v2\/posts"}],"about":[{"href":"https:\/\/247stiri.ro\/index.php\/wp-json\/wp\/v2\/types\/post"}],"replies":[{"embeddable":true,"href":"https:\/\/247stiri.ro\/index.php\/wp-json\/wp\/v2\/comments?post=2143"}],"version-history":[{"count":0,"href":"https:\/\/247stiri.ro\/index.php\/wp-json\/wp\/v2\/posts\/2143\/revisions"}],"wp:featuredmedia":[{"embeddable":true,"href":"https:\/\/247stiri.ro\/index.php\/wp-json\/wp\/v2\/media\/2144"}],"wp:attachment":[{"href":"https:\/\/247stiri.ro\/index.php\/wp-json\/wp\/v2\/media?parent=2143"}],"wp:term":[{"taxonomy":"category","embeddable":true,"href":"https:\/\/247stiri.ro\/index.php\/wp-json\/wp\/v2\/categories?post=2143"},{"taxonomy":"post_tag","embeddable":true,"href":"https:\/\/247stiri.ro\/index.php\/wp-json\/wp\/v2\/tags?post=2143"}],"curies":[{"name":"wp","href":"https:\/\/api.w.org\/{rel}","templated":true}]}}