{"id":2145,"date":"2024-10-26T17:44:47","date_gmt":"2024-10-26T17:44:47","guid":{"rendered":"https:\/\/247stiri.ro\/index.php\/2024\/10\/26\/accident-grav-in-sibiu-o-soferita-a-ranit-4-oameni-dupa-ce-s-a-oprit-cu-masina-intr-un-zid\/"},"modified":"2024-10-26T17:44:47","modified_gmt":"2024-10-26T17:44:47","slug":"accident-grav-in-sibiu-o-soferita-a-ranit-4-oameni-dupa-ce-s-a-oprit-cu-masina-intr-un-zid","status":"publish","type":"post","link":"https:\/\/247stiri.ro\/index.php\/2024\/10\/26\/accident-grav-in-sibiu-o-soferita-a-ranit-4-oameni-dupa-ce-s-a-oprit-cu-masina-intr-un-zid\/","title":{"rendered":"Accident grav \u00een Sibiu. O \u0219oferi\u021b\u0103 a r\u0103nit 4 oameni dup\u0103 ce s-a oprit cu ma\u0219ina \u00eentr-un zid"},"content":{"rendered":"<p>Cinci persoane au fost r\u0103nite, s\u00e2mb\u0103t\u0103 seara, dup\u0103 ce o t\u00e2n\u0103r\u0103 de 19 ani, din ora\u015ful Agnita, a intrat cu ma\u015fina \u00een zidul unei cl\u0103diri, a anun\u0163at purt\u0103torul de cuv\u00e2nt al Inspectoratului de Poli\u0163ie Jude\u0163ean (IPJ) Sibiu, Elena Welter.&#8221;Poli\u0163i\u015ftii rutieri intervin la un accident produs pe strada Avram Iancu, \u00een Agnita. Din primele cercet\u0103ri efectuate a rezultat c\u0103, \u00een timp ce conducea un autoturism, pe fondul vitezei neadaptate, o t\u00e2n\u0103r\u0103 \u00een v\u00e2rst\u0103 de 19 ani, din Agnita, a virat la dreapta \u015fi a intrat \u00een coliziune cu zidul unui imobil. \u00cen urma impactului a rezultat v\u0103t\u0103marea corporal\u0103 a conduc\u0103toarei auto \u015fi a celor 4 pasageri, care au fost transporta\u0163i la spital con\u015ftien\u0163i&#8221;, a precizat Elena Welter.\u015eoferi\u0163a de 19 ani s-a ales cu mai multe excoria\u0163ii \u015fi a fost transportat\u0103 la Spitalul Or\u0103\u015fenesc din Agnita. Ceilal\u0163i patru pasageri, to\u0163i minori, au suferit diverse traumatisme fiind transporta\u0163i la Spitalul Or\u0103\u015fenesc din Agnita \u015fi Spitalul de Pediatrie din municipiul Sibiu.<\/p>","protected":false},"excerpt":{"rendered":"<p>Cinci persoane au fost r\u0103nite, s\u00e2mb\u0103t\u0103 seara, dup\u0103 ce o t\u00e2n\u0103r\u0103 de 19 ani, din&hellip;<\/p>\n","protected":false},"author":0,"featured_media":2146,"comment_status":"open","ping_status":"open","sticky":false,"template":"","format":"standard","meta":{"footnotes":""},"categories":[2],"tags":[],"class_list":["post-2145","post","type-post","status-publish","format-standard","has-post-thumbnail","hentry","category-actual"],"_links":{"self":[{"href":"https:\/\/247stiri.ro\/index.php\/wp-json\/wp\/v2\/posts\/2145","targetHints":{"allow":["GET"]}}],"collection":[{"href":"https:\/\/247stiri.ro\/index.php\/wp-json\/wp\/v2\/posts"}],"about":[{"href":"https:\/\/247stiri.ro\/index.php\/wp-json\/wp\/v2\/types\/post"}],"replies":[{"embeddable":true,"href":"https:\/\/247stiri.ro\/index.php\/wp-json\/wp\/v2\/comments?post=2145"}],"version-history":[{"count":0,"href":"https:\/\/247stiri.ro\/index.php\/wp-json\/wp\/v2\/posts\/2145\/revisions"}],"wp:featuredmedia":[{"embeddable":true,"href":"https:\/\/247stiri.ro\/index.php\/wp-json\/wp\/v2\/media\/2146"}],"wp:attachment":[{"href":"https:\/\/247stiri.ro\/index.php\/wp-json\/wp\/v2\/media?parent=2145"}],"wp:term":[{"taxonomy":"category","embeddable":true,"href":"https:\/\/247stiri.ro\/index.php\/wp-json\/wp\/v2\/categories?post=2145"},{"taxonomy":"post_tag","embeddable":true,"href":"https:\/\/247stiri.ro\/index.php\/wp-json\/wp\/v2\/tags?post=2145"}],"curies":[{"name":"wp","href":"https:\/\/api.w.org\/{rel}","templated":true}]}}