{"id":21452,"date":"2025-01-04T18:45:05","date_gmt":"2025-01-04T18:45:05","guid":{"rendered":"https:\/\/247stiri.ro\/index.php\/2025\/01\/04\/transnistria-in-prag-de-colaps-energetic-dupa-oprirea-gazului-rusesc-de-duminica-intreruperile-vor-fi-marite-la-4-ore\/"},"modified":"2025-01-04T18:45:05","modified_gmt":"2025-01-04T18:45:05","slug":"transnistria-in-prag-de-colaps-energetic-dupa-oprirea-gazului-rusesc-de-duminica-intreruperile-vor-fi-marite-la-4-ore","status":"publish","type":"post","link":"https:\/\/247stiri.ro\/index.php\/2025\/01\/04\/transnistria-in-prag-de-colaps-energetic-dupa-oprirea-gazului-rusesc-de-duminica-intreruperile-vor-fi-marite-la-4-ore\/","title":{"rendered":"Transnistria, \u00een prag de COLAPS ENERGETIC, dup\u0103 oprirea gazului rusesc! De duminic\u0103, \u00eentreruperile vor fi m\u0103rite la 4 ore"},"content":{"rendered":"<p>Transnistria a \u00eenchis deja de joi mai multe companii industriale din cauza lipsei de energie, iar vineri a impus primele \u00eentreruperi de curent pentru popula\u0163ie. Pentru s\u00e2mb\u0103t\u0103, pana de curent a fost programat\u0103 pe durata a trei ore, \u00eentre 14:00 \u015fi 17:00.<\/p>\n<p>\u201e\u00centreruperile de o or\u0103 nu sunt suficiente pentru a garanta securitatea sistemului de alimentare cu energie electric\u0103\u201d, a explicat liderul transnistrean, Vadim Krasnoselski.<\/p>\n<p><a href=\"https:\/\/www.realitatea.net\/stiri\/extern\/criza-de-securitate-in-republica-moldova-dupa-ce-transnistria-a-ramas-fara-gaz-rusesc_67783c4c9821af2403647477\" target=\"_blank\">Criz\u0103 de securitate \u00een Republica Moldova, dup\u0103 ce Transnistria a r\u0103mas f\u0103r\u0103 gaz rusesc<\/a><\/p>\n<p>\u201eSpeciali\u015ftii insist\u0103 ca, de m\u00e2ine, (durata) \u00eentreruperii s\u0103 fie m\u0103rit\u0103 la patru ore\u201d, ad\u0103ugat el. Krasnoselski a mai spus c\u0103 Transnistria dispune de rezerve de gaz pentru a acoperi 10 zile de consum energetic limitat \u00een nord \u015fi de dou\u0103 ori mai mult \u00een sud. Dar el nu a vorbit despre planurile avute \u00een vedere dup\u0103 acest interval de timp.<\/p>\n<p>Pentru altor oficiali, centrala electric\u0103 de la Cuciurgan ar avea \u00een prezent rezerve de combustibil alternativ gazului, respectiv c\u0103rbune \u015fi p\u0103cur\u0103, dar care ar putea asigura aprovizionarea regiunii transnistrene pentru numai aproximativ 50 de zile.<\/p>\n<p>\u00cen restul Republicii Moldova nu s-au \u00eenregistrat p\u00e2n\u0103 acum \u00eentreruperi \u00een furnizarea energiei electrice, datorit\u0103 ajutorului din partea Rom\u00e2niei \u015fi impunerii unor m\u0103suri drastice de reducere a consumului.<\/p>","protected":false},"excerpt":{"rendered":"<p>Transnistria a \u00eenchis deja de joi mai multe companii industriale din cauza lipsei de energie,&hellip;<\/p>\n","protected":false},"author":0,"featured_media":21446,"comment_status":"open","ping_status":"open","sticky":false,"template":"","format":"standard","meta":{"footnotes":""},"categories":[2],"tags":[],"class_list":["post-21452","post","type-post","status-publish","format-standard","has-post-thumbnail","hentry","category-actual"],"_links":{"self":[{"href":"https:\/\/247stiri.ro\/index.php\/wp-json\/wp\/v2\/posts\/21452","targetHints":{"allow":["GET"]}}],"collection":[{"href":"https:\/\/247stiri.ro\/index.php\/wp-json\/wp\/v2\/posts"}],"about":[{"href":"https:\/\/247stiri.ro\/index.php\/wp-json\/wp\/v2\/types\/post"}],"replies":[{"embeddable":true,"href":"https:\/\/247stiri.ro\/index.php\/wp-json\/wp\/v2\/comments?post=21452"}],"version-history":[{"count":0,"href":"https:\/\/247stiri.ro\/index.php\/wp-json\/wp\/v2\/posts\/21452\/revisions"}],"wp:featuredmedia":[{"embeddable":true,"href":"https:\/\/247stiri.ro\/index.php\/wp-json\/wp\/v2\/media\/21446"}],"wp:attachment":[{"href":"https:\/\/247stiri.ro\/index.php\/wp-json\/wp\/v2\/media?parent=21452"}],"wp:term":[{"taxonomy":"category","embeddable":true,"href":"https:\/\/247stiri.ro\/index.php\/wp-json\/wp\/v2\/categories?post=21452"},{"taxonomy":"post_tag","embeddable":true,"href":"https:\/\/247stiri.ro\/index.php\/wp-json\/wp\/v2\/tags?post=21452"}],"curies":[{"name":"wp","href":"https:\/\/api.w.org\/{rel}","templated":true}]}}