{"id":21459,"date":"2025-01-04T19:44:47","date_gmt":"2025-01-04T19:44:47","guid":{"rendered":"https:\/\/247stiri.ro\/index.php\/2025\/01\/04\/politistii-cauta-o-persoana-care-la-finalul-anului-trecut-a-lovit-cu-sania-o-fetita-de-8-ani-pe-partia-din-borsa-copila-a-facut-hemorgaie-interna\/"},"modified":"2025-01-04T19:44:47","modified_gmt":"2025-01-04T19:44:47","slug":"politistii-cauta-o-persoana-care-la-finalul-anului-trecut-a-lovit-cu-sania-o-fetita-de-8-ani-pe-partia-din-borsa-copila-a-facut-hemorgaie-interna","status":"publish","type":"post","link":"https:\/\/247stiri.ro\/index.php\/2025\/01\/04\/politistii-cauta-o-persoana-care-la-finalul-anului-trecut-a-lovit-cu-sania-o-fetita-de-8-ani-pe-partia-din-borsa-copila-a-facut-hemorgaie-interna\/","title":{"rendered":"Poli\u0163i\u015ftii caut\u0103 o persoan\u0103 care la finalul anului trecut a LOVIT cu sania o feti\u021b\u0103 de 8 ani, pe p\u00e2rtia din Bor\u015fa. Copila a f\u0103cut hemorgaie intern\u0103"},"content":{"rendered":"<p>Incidentul s-a petrecut \u00een dup\u0103 amiaza zilei de 29 decembrie, la baza p\u00e2rtiei din sta\u0163iunea maramure\u015fean\u0103 Bor\u015fa.<\/p>\n<p>\u201eLa data de 29 decembrie 2024, \u00een jurul orei 15.15, Poli\u0163ia ora\u015fului Bor\u015fa a fost sesizat\u0103 prin SNUAU 112 despre faptul c\u0103 o persoan\u0103 necunoscut\u0103, care aluneca cu sania pe o p\u00e2rtie din ora\u015f, ar fi acro\u015fat o minor\u0103, provoc\u00e2nd-i leziuni corporale. Poli\u0163i\u015ftii au identificat o minor\u0103 de opt ani, care a fost transportat\u0103 la spital pentru acordarea de \u00eengrijiri medicale\u201d, transmit, s\u00e2mb\u0103t\u0103, oficialii Poli\u0163iei jude\u0163ene Maramure\u015f.<\/p>\n<p>Reprezentan\u0163i ai Serviciului local Salvamont Bor\u015fa au declarat pentru News.ro c\u0103 accidentul s-a produs la baza p\u00e2rtiei, iar o echip\u0103 de salvatori montani a stabilizat copilul \u015fi l-a predat unui echipaj SMURD, pentru a fi dus la spital.<\/p>\n<p>Sursa citat\u0103 a precizat c\u0103 feti\u0163a acuza dureri \u00een zona abdomenului.<\/p>\n<p>\u00cen urma incidentului, poli\u0163i\u015ftii au deschis dosar penal care vizeaz\u0103 comiterea infrac\u0163iunii de v\u0103t\u0103mare corporal\u0103 din culp\u0103 \u015fi fac \u00een continuare cercet\u0103ri \u00een vederea identific\u0103rii autorului \u015fi dispunerea m\u0103surilor legale.<\/p>\n<p>\u00a0<\/p>","protected":false},"excerpt":{"rendered":"<p>Incidentul s-a petrecut \u00een dup\u0103 amiaza zilei de 29 decembrie, la baza p\u00e2rtiei din sta\u0163iunea&hellip;<\/p>\n","protected":false},"author":0,"featured_media":21460,"comment_status":"open","ping_status":"open","sticky":false,"template":"","format":"standard","meta":{"footnotes":""},"categories":[2],"tags":[],"class_list":["post-21459","post","type-post","status-publish","format-standard","has-post-thumbnail","hentry","category-actual"],"_links":{"self":[{"href":"https:\/\/247stiri.ro\/index.php\/wp-json\/wp\/v2\/posts\/21459","targetHints":{"allow":["GET"]}}],"collection":[{"href":"https:\/\/247stiri.ro\/index.php\/wp-json\/wp\/v2\/posts"}],"about":[{"href":"https:\/\/247stiri.ro\/index.php\/wp-json\/wp\/v2\/types\/post"}],"replies":[{"embeddable":true,"href":"https:\/\/247stiri.ro\/index.php\/wp-json\/wp\/v2\/comments?post=21459"}],"version-history":[{"count":0,"href":"https:\/\/247stiri.ro\/index.php\/wp-json\/wp\/v2\/posts\/21459\/revisions"}],"wp:featuredmedia":[{"embeddable":true,"href":"https:\/\/247stiri.ro\/index.php\/wp-json\/wp\/v2\/media\/21460"}],"wp:attachment":[{"href":"https:\/\/247stiri.ro\/index.php\/wp-json\/wp\/v2\/media?parent=21459"}],"wp:term":[{"taxonomy":"category","embeddable":true,"href":"https:\/\/247stiri.ro\/index.php\/wp-json\/wp\/v2\/categories?post=21459"},{"taxonomy":"post_tag","embeddable":true,"href":"https:\/\/247stiri.ro\/index.php\/wp-json\/wp\/v2\/tags?post=21459"}],"curies":[{"name":"wp","href":"https:\/\/api.w.org\/{rel}","templated":true}]}}