{"id":21470,"date":"2025-01-04T20:45:52","date_gmt":"2025-01-04T20:45:52","guid":{"rendered":"https:\/\/247stiri.ro\/index.php\/2025\/01\/04\/demisie-de-rasunet-la-nivel-international-cancelarul-austriei-karl-nehammer-va-renunta-la-functie-in-urmatoarele-zile-de-ce-face-un-pas-inapoi\/"},"modified":"2025-01-04T20:45:52","modified_gmt":"2025-01-04T20:45:52","slug":"demisie-de-rasunet-la-nivel-international-cancelarul-austriei-karl-nehammer-va-renunta-la-functie-in-urmatoarele-zile-de-ce-face-un-pas-inapoi","status":"publish","type":"post","link":"https:\/\/247stiri.ro\/index.php\/2025\/01\/04\/demisie-de-rasunet-la-nivel-international-cancelarul-austriei-karl-nehammer-va-renunta-la-functie-in-urmatoarele-zile-de-ce-face-un-pas-inapoi\/","title":{"rendered":"Demisie de r\u0103sunet la nivel interna\u021bional! Cancelarul Austriei Karl Nehammer va renun\u021ba la func\u021bie \u201e\u00een urm\u0103toarele zile\u201d: de ce face un pas \u00eenapoi"},"content":{"rendered":"<p>\u201e\u00cen urma e\u015fecului negocierilor de coali\u0163ie, (&#8230;) voi demisiona at\u00e2t din func\u0163ia de cancelar, c\u00e2t \u015fi din cea de pre\u015fedinte al Partidului Popular \u00een urm\u0103toarele zile \u015fi voi permite o tranzi\u0163ie ordonat\u0103\u201d, a declarat Karl Nehammer \u00eentr-un mesaj pe re\u0163eaua de socializare X, la mai bine de trei luni de la alegerile legislative din 29 septembrie, \u00een urma c\u0103rora partidul de extrem\u0103 dreapta FP\u00d6e a ie\u015fit \u00eenving\u0103tor &#8211; rezultat care i-a obligat pe conservatori \u015fi pe social-democra\u0163i s\u0103 \u00eencerce s\u0103 ajung\u0103 la un acord.<\/p>\n<p>Wir haben lange und redlich verhandelt. In wesentlichen Punkten ist mit der SP\u00d6 keine Einigung m\u00f6glich. Die Volkspartei steht zu ihren Versprechen: Wir werden leistungs- und wirtschaftsfeindlichen Ma\u00dfnahmen oder neuen Steuern nicht zustimmen. Daher beenden wir die Verhandlungen\u2026 <a href=\"https:\/\/t.co\/evKgQbtTwq\">pic.twitter.com\/evKgQbtTwq<\/a><\/p>\n<p>\u2014 Karl Nehammer (@karlnehammer) <a href=\"https:\/\/twitter.com\/karlnehammer\/status\/1875608844984094740?ref_src=twsrc%5Etfw\">January 4, 2025<\/a><\/p>\n<p>Aceast\u0103 decizie nea\u015fteptat\u0103 vine a doua zi dup\u0103 ce partidul liberal Neos a decis s\u0103 se retrag\u0103 din negocierile tripartite pentru formarea unui guvern centrist. Scopul a fost de a marginaliza Partidul Libert\u0103\u0163ii din Austria (FP\u00d6e), care a ob\u0163inut 28,8% din voturi \u00een septembrie, dar nu a reu\u015fit s\u0103 g\u0103seasc\u0103 alia\u0163i pentru a forma un guvern. Partidul Popular Austriac (\u00d6eVP) s-a clasat pe locul al doilea cu 26,3% din voturi, urmat de Partidul Social Democrat din Austria (SP\u00d6e, centru-st\u00e2nga) cu 21,1%.<\/p>\n<p>Cele dou\u0103 partide de centru r\u0103mase au declarat c\u0103 doresc s\u0103 continue discu\u0163iile. Dar s\u00e2mb\u0103t\u0103, cancelarul a anun\u0163at pe X c\u0103 \u201eun acord cu SP\u00d6e este imposibil pe probleme-cheie\u201d \u015fi c\u0103 \u201eprin urmare, punem cap\u0103t negocierilor cu SP\u00d6e\u201d.<\/p>\n<p>Vineri, pre\u015fedintele Alexander Van der Bellen f\u0103cuse apel la cele dou\u0103 partide s\u0103 formeze un guvern \u201ef\u0103r\u0103 \u00eent\u00e2rziere\u201d.<\/p>\n<p>O coali\u0163ie de trei partide pentru formarea unui guvern ar fi fost o premier\u0103 \u00een \u0163ar\u0103 din 1949.<\/p>","protected":false},"excerpt":{"rendered":"<p>\u201e\u00cen urma e\u015fecului negocierilor de coali\u0163ie, (&#8230;) voi demisiona at\u00e2t din func\u0163ia de cancelar, c\u00e2t&hellip;<\/p>\n","protected":false},"author":0,"featured_media":21466,"comment_status":"open","ping_status":"open","sticky":false,"template":"","format":"standard","meta":{"footnotes":""},"categories":[2],"tags":[],"class_list":["post-21470","post","type-post","status-publish","format-standard","has-post-thumbnail","hentry","category-actual"],"_links":{"self":[{"href":"https:\/\/247stiri.ro\/index.php\/wp-json\/wp\/v2\/posts\/21470","targetHints":{"allow":["GET"]}}],"collection":[{"href":"https:\/\/247stiri.ro\/index.php\/wp-json\/wp\/v2\/posts"}],"about":[{"href":"https:\/\/247stiri.ro\/index.php\/wp-json\/wp\/v2\/types\/post"}],"replies":[{"embeddable":true,"href":"https:\/\/247stiri.ro\/index.php\/wp-json\/wp\/v2\/comments?post=21470"}],"version-history":[{"count":0,"href":"https:\/\/247stiri.ro\/index.php\/wp-json\/wp\/v2\/posts\/21470\/revisions"}],"wp:featuredmedia":[{"embeddable":true,"href":"https:\/\/247stiri.ro\/index.php\/wp-json\/wp\/v2\/media\/21466"}],"wp:attachment":[{"href":"https:\/\/247stiri.ro\/index.php\/wp-json\/wp\/v2\/media?parent=21470"}],"wp:term":[{"taxonomy":"category","embeddable":true,"href":"https:\/\/247stiri.ro\/index.php\/wp-json\/wp\/v2\/categories?post=21470"},{"taxonomy":"post_tag","embeddable":true,"href":"https:\/\/247stiri.ro\/index.php\/wp-json\/wp\/v2\/tags?post=21470"}],"curies":[{"name":"wp","href":"https:\/\/api.w.org\/{rel}","templated":true}]}}