{"id":21471,"date":"2025-01-04T20:45:52","date_gmt":"2025-01-04T20:45:52","guid":{"rendered":"https:\/\/247stiri.ro\/index.php\/2025\/01\/04\/incendiu-intr-un-apartament-din-piatra-neamt-8-persoane-au-fost-evacuate\/"},"modified":"2025-01-04T20:45:52","modified_gmt":"2025-01-04T20:45:52","slug":"incendiu-intr-un-apartament-din-piatra-neamt-8-persoane-au-fost-evacuate","status":"publish","type":"post","link":"https:\/\/247stiri.ro\/index.php\/2025\/01\/04\/incendiu-intr-un-apartament-din-piatra-neamt-8-persoane-au-fost-evacuate\/","title":{"rendered":"Incendiu \u00eentr-un apartament din Piatra-Neam\u0163: 8 persoane au fost evacuate"},"content":{"rendered":"<p>Pompierii au fost sesiza\u0163i, s\u00e2mb\u0103t\u0103, la ora 19.44, cu privire la faptul c\u0103 pe casa sc\u0103rii unui bloc de locuin\u0163e de pe strada Ulmilor din Piatra Neam\u0163 se simte miros de fum.<\/p>\n<p>La fa\u0163a locului s-au deplasat o autospecial\u0103 pentru interven\u0163ie \u015fi salvare de la \u00een\u0103l\u0163ime, dou\u0103 autospeciale de stingere \u015fi o ambulan\u0163\u0103 SMURD<\/p>\n<p>\u201dIncendiul se manifesta cu flac\u0103r\u0103 deschis\u0103 \u015fi degajare mare de fum \u00eentr-o camer\u0103 a unui apartament situat la parterul blocului. Pompierii au ac\u0163ionat pentru localizarea incendiului. De asemenea s-a format o echip\u0103 de c\u0103utare-salvare pentru a identifica posibilele victime ce s-ar fi putut afla \u00een interiorul apartamentului. Din fericire nicio persoan\u0103 nu se afla \u00een interiorul apartamentului\u201d, au afirmat reprezentan\u0163ii Inspectoratului pentru Situa\u0163ii de Urgen\u0163\u0103 (ISU) Neam\u0163.<\/p>\n<p>Potrivit sursei citate, \u015fase persoane au ie\u015fit din bloc p\u00e2n\u0103 la sosirea for\u0163elor de interven\u0163ie iar alte dou\u0103 au fost evacuate de pompieri. Niciuna dintre acestea nu a necesitat \u00eengrijiri medicale.<\/p>\n<p>\u201dFor\u0163ele de interven\u0163ie au stins incendiul \u00een urma c\u0103ruia au ars dou\u0103 aspiratoare \u015fi s-au deteriorat bunuri din interiorul camerei. S-a intervenit \u015fi pentru evacuarea fumului din interiorul apartamentului \u015fi de pe casa sc\u0103rii. Efectul termic al curentului electric cauzat de l\u0103sarea sub tensiune a unui aparat electrocasnic a fost cauza probabil\u0103 de producere a incendiului\u201d, au mai transmis reprezentan\u0163ii ISU Neam\u0163.<\/p>","protected":false},"excerpt":{"rendered":"<p>Pompierii au fost sesiza\u0163i, s\u00e2mb\u0103t\u0103, la ora 19.44, cu privire la faptul c\u0103 pe casa&hellip;<\/p>\n","protected":false},"author":0,"featured_media":21472,"comment_status":"open","ping_status":"open","sticky":false,"template":"","format":"standard","meta":{"footnotes":""},"categories":[2],"tags":[],"class_list":["post-21471","post","type-post","status-publish","format-standard","has-post-thumbnail","hentry","category-actual"],"_links":{"self":[{"href":"https:\/\/247stiri.ro\/index.php\/wp-json\/wp\/v2\/posts\/21471","targetHints":{"allow":["GET"]}}],"collection":[{"href":"https:\/\/247stiri.ro\/index.php\/wp-json\/wp\/v2\/posts"}],"about":[{"href":"https:\/\/247stiri.ro\/index.php\/wp-json\/wp\/v2\/types\/post"}],"replies":[{"embeddable":true,"href":"https:\/\/247stiri.ro\/index.php\/wp-json\/wp\/v2\/comments?post=21471"}],"version-history":[{"count":0,"href":"https:\/\/247stiri.ro\/index.php\/wp-json\/wp\/v2\/posts\/21471\/revisions"}],"wp:featuredmedia":[{"embeddable":true,"href":"https:\/\/247stiri.ro\/index.php\/wp-json\/wp\/v2\/media\/21472"}],"wp:attachment":[{"href":"https:\/\/247stiri.ro\/index.php\/wp-json\/wp\/v2\/media?parent=21471"}],"wp:term":[{"taxonomy":"category","embeddable":true,"href":"https:\/\/247stiri.ro\/index.php\/wp-json\/wp\/v2\/categories?post=21471"},{"taxonomy":"post_tag","embeddable":true,"href":"https:\/\/247stiri.ro\/index.php\/wp-json\/wp\/v2\/tags?post=21471"}],"curies":[{"name":"wp","href":"https:\/\/api.w.org\/{rel}","templated":true}]}}