{"id":21477,"date":"2025-01-04T21:45:37","date_gmt":"2025-01-04T21:45:37","guid":{"rendered":"https:\/\/247stiri.ro\/index.php\/2025\/01\/04\/george-simion-se-duce-o-campanie-ampla-de-denigrare-a-noastra-nu-am-luat-niciodata-bani-de-la-fundatiile-lui-soros\/"},"modified":"2025-01-04T21:45:37","modified_gmt":"2025-01-04T21:45:37","slug":"george-simion-se-duce-o-campanie-ampla-de-denigrare-a-noastra-nu-am-luat-niciodata-bani-de-la-fundatiile-lui-soros","status":"publish","type":"post","link":"https:\/\/247stiri.ro\/index.php\/2025\/01\/04\/george-simion-se-duce-o-campanie-ampla-de-denigrare-a-noastra-nu-am-luat-niciodata-bani-de-la-fundatiile-lui-soros\/","title":{"rendered":"George Simion: Se duce o campanie ampl\u0103 de DENIGRARE a noastr\u0103. Nu am luat niciodat\u0103 bani de la funda\u021biile lui Soros"},"content":{"rendered":"<p>&#8222;Este exclus, nu am luat niciodat\u0103 bani de la funda\u021biile lui Soros, nu simpatiz\u0103m cu ideile astea, nu \u00eel vom sus\u021bine pe Nicu\u0219or Dan la func\u021bia de pre\u0219edinte, nu l-am sus\u021binut nici ca primar, \u00eens\u0103 se duce o campanie ampl\u0103 de denigrare a noastr\u0103 pentru ca oamenii s\u0103 nu ias\u0103 duminica viitoare la protest, e o fric\u0103 \u00een anumite institu\u021bii de proteste masive pentru c\u0103 asta arat\u0103 c\u0103 au gre\u0219it \u00een momentul \u00een care au pus Rom\u00e2nia \u00een r\u00e2ndul statelor dictatoriale, totalitare \u0219i au anulat aceste alegeri.<\/p>\n<p>S-a dovedit c\u00e2t de frico\u0219i sunt \u0219i vor s\u0103 le repete p\u00e2n\u0103 iese cine vor iei, ne-am realiat la ele, am depus o notificare, avem un meeting foarte mare pentru duminica viitoare, din pia\u021ba universitatii, vedem dupa anuntul acestui proces cat de tare am fost atacati, la ni\u0219te posturi de televiziune am v\u0103zut c\u0103 sunt omul lui Soros \u0219i c\u0103 \u00eel sus\u021bin pe Nicu\u0219or&#8221;, a declarat George Simion.\u00a0<\/p>","protected":false},"excerpt":{"rendered":"<p>&#8222;Este exclus, nu am luat niciodat\u0103 bani de la funda\u021biile lui Soros, nu simpatiz\u0103m cu&hellip;<\/p>\n","protected":false},"author":0,"featured_media":21478,"comment_status":"open","ping_status":"open","sticky":false,"template":"","format":"standard","meta":{"footnotes":""},"categories":[3],"tags":[],"class_list":["post-21477","post","type-post","status-publish","format-standard","has-post-thumbnail","hentry","category-politica"],"_links":{"self":[{"href":"https:\/\/247stiri.ro\/index.php\/wp-json\/wp\/v2\/posts\/21477","targetHints":{"allow":["GET"]}}],"collection":[{"href":"https:\/\/247stiri.ro\/index.php\/wp-json\/wp\/v2\/posts"}],"about":[{"href":"https:\/\/247stiri.ro\/index.php\/wp-json\/wp\/v2\/types\/post"}],"replies":[{"embeddable":true,"href":"https:\/\/247stiri.ro\/index.php\/wp-json\/wp\/v2\/comments?post=21477"}],"version-history":[{"count":0,"href":"https:\/\/247stiri.ro\/index.php\/wp-json\/wp\/v2\/posts\/21477\/revisions"}],"wp:featuredmedia":[{"embeddable":true,"href":"https:\/\/247stiri.ro\/index.php\/wp-json\/wp\/v2\/media\/21478"}],"wp:attachment":[{"href":"https:\/\/247stiri.ro\/index.php\/wp-json\/wp\/v2\/media?parent=21477"}],"wp:term":[{"taxonomy":"category","embeddable":true,"href":"https:\/\/247stiri.ro\/index.php\/wp-json\/wp\/v2\/categories?post=21477"},{"taxonomy":"post_tag","embeddable":true,"href":"https:\/\/247stiri.ro\/index.php\/wp-json\/wp\/v2\/tags?post=21477"}],"curies":[{"name":"wp","href":"https:\/\/api.w.org\/{rel}","templated":true}]}}