{"id":2150,"date":"2024-10-26T17:44:48","date_gmt":"2024-10-26T17:44:48","guid":{"rendered":"https:\/\/247stiri.ro\/index.php\/2024\/10\/26\/accident-tragic-pe-dn2-in-bacau-o-femeie-a-murit-alte-doua-persoane-sunt-grav-ranite-foto\/"},"modified":"2024-10-26T17:44:48","modified_gmt":"2024-10-26T17:44:48","slug":"accident-tragic-pe-dn2-in-bacau-o-femeie-a-murit-alte-doua-persoane-sunt-grav-ranite-foto","status":"publish","type":"post","link":"https:\/\/247stiri.ro\/index.php\/2024\/10\/26\/accident-tragic-pe-dn2-in-bacau-o-femeie-a-murit-alte-doua-persoane-sunt-grav-ranite-foto\/","title":{"rendered":"Accident tragic, pe DN2, \u00een Bac\u0103u. O femeie a murit, alte dou\u0103 persoane sunt grav r\u0103nite FOTO"},"content":{"rendered":"<p>O femeie a murit \u015fi dou\u0103 persoane au fost r\u0103nite \u00eentr-un grav accident rutier care a avut loc s\u00e2mb\u0103t\u0103 dup\u0103 amiaz\u0103 pe drumul na\u0163ional 2, \u00een jude\u0163ul Bac\u0103u, unde un autoturism a p\u0103r\u0103sit carosabilul \u015fi a intrat \u00eentr-un \u015fan\u0163.<\/p>\n<p>Evenimentul rutier a avut loc pe DN 2 Bac\u0103u \u2013 Foc\u015fani, la ie\u015firea din localitatea Sascut spre Adjud, jude\u0163ul Bac\u0103u, unde un autoturism a p\u0103r\u0103sit partea carosabil\u0103, c\u0103z\u00e2nd \u00eentr-un \u015fan\u0163, potrivit Centrului Infotrafic al Poli\u0163iei Rom\u00e2ne.\u00a0\u00a0Echipajele medicale au identificat la fa\u0163a locului trei victime, una decedat\u0103 \u015fi dou\u0103 cu leziuni minore.\u00a0\u00a0Poli\u0163ia jude\u0163ean\u0103 Bac\u0103u precizeaz\u0103 c\u0103 evenimentul rutier s-a produs \u00een condi\u0163iile \u00een care un \u015fofer de 56 de ani, din jude\u0163ul Neam\u0163, \u00een timp ce se deplasa pe direc\u0163ia Adjud-Bac\u0103u, a p\u0103truns pe contrasens, a p\u0103r\u0103sit carosabilul \u015fi s-a r\u0103sturnat.\u00a0\u00a0\u201eDin impact au rezultat dou\u0103 persoane r\u0103nite, respectiv conduc\u0103torul auto \u015fi o femeie de 49 de ani, din jude\u0163ul Neam\u0163 \u015fi decesul unei femei de 66 de ani. Cercet\u0103rile continu\u0103 \u00een acest caz \u00een cadrul unui dosar penal sub aspectul s\u0103v\u00e2r\u015firii infrac\u0163iunilor de ucidere din culp\u0103 \u015fi v\u0103t\u0103mare corporal\u0103 din culp\u0103\u201d, anun\u0163\u0103 Inspectoratul de Poli\u0163ie Bac\u0103u.\u00a0\u00cen urma accidentului traficul rutier pe drumul na\u0163ional s-a desf\u0103\u015furat \u00eengreunat.\u00a0<\/p>","protected":false},"excerpt":{"rendered":"<p>O femeie a murit \u015fi dou\u0103 persoane au fost r\u0103nite \u00eentr-un grav accident rutier care&hellip;<\/p>\n","protected":false},"author":0,"featured_media":2151,"comment_status":"open","ping_status":"open","sticky":false,"template":"","format":"standard","meta":{"footnotes":""},"categories":[2],"tags":[],"class_list":["post-2150","post","type-post","status-publish","format-standard","has-post-thumbnail","hentry","category-actual"],"_links":{"self":[{"href":"https:\/\/247stiri.ro\/index.php\/wp-json\/wp\/v2\/posts\/2150","targetHints":{"allow":["GET"]}}],"collection":[{"href":"https:\/\/247stiri.ro\/index.php\/wp-json\/wp\/v2\/posts"}],"about":[{"href":"https:\/\/247stiri.ro\/index.php\/wp-json\/wp\/v2\/types\/post"}],"replies":[{"embeddable":true,"href":"https:\/\/247stiri.ro\/index.php\/wp-json\/wp\/v2\/comments?post=2150"}],"version-history":[{"count":0,"href":"https:\/\/247stiri.ro\/index.php\/wp-json\/wp\/v2\/posts\/2150\/revisions"}],"wp:featuredmedia":[{"embeddable":true,"href":"https:\/\/247stiri.ro\/index.php\/wp-json\/wp\/v2\/media\/2151"}],"wp:attachment":[{"href":"https:\/\/247stiri.ro\/index.php\/wp-json\/wp\/v2\/media?parent=2150"}],"wp:term":[{"taxonomy":"category","embeddable":true,"href":"https:\/\/247stiri.ro\/index.php\/wp-json\/wp\/v2\/categories?post=2150"},{"taxonomy":"post_tag","embeddable":true,"href":"https:\/\/247stiri.ro\/index.php\/wp-json\/wp\/v2\/tags?post=2150"}],"curies":[{"name":"wp","href":"https:\/\/api.w.org\/{rel}","templated":true}]}}