{"id":21507,"date":"2025-01-05T06:47:32","date_gmt":"2025-01-05T06:47:32","guid":{"rendered":"https:\/\/247stiri.ro\/index.php\/2025\/01\/05\/daniel-funeriu-reactie-ironica-dupa-suspendarea-lui-crin-antonescu-sper-ca-nu-vor-incerca-acum-cu-ponta-vom-avea-expuse-moastele-sfantului-usl\/"},"modified":"2025-01-05T06:47:32","modified_gmt":"2025-01-05T06:47:32","slug":"daniel-funeriu-reactie-ironica-dupa-suspendarea-lui-crin-antonescu-sper-ca-nu-vor-incerca-acum-cu-ponta-vom-avea-expuse-moastele-sfantului-usl","status":"publish","type":"post","link":"https:\/\/247stiri.ro\/index.php\/2025\/01\/05\/daniel-funeriu-reactie-ironica-dupa-suspendarea-lui-crin-antonescu-sper-ca-nu-vor-incerca-acum-cu-ponta-vom-avea-expuse-moastele-sfantului-usl\/","title":{"rendered":"Daniel Funeriu, reac\u021bie ironic\u0103 dup\u0103 suspendarea lui Crin Antonescu: \u201eSper c\u0103 nu vor \u00eencerca acum cu Ponta, vom avea expuse moa\u0219tele sf\u00e2ntului USL\u201d"},"content":{"rendered":"<p>Candidatul independent la Pre\u0219edin\u021bie a afirmat c\u0103 suspendarea candidaturii lui Crin Antonescu \u0219i motivele invocate arat\u0103, \u00een primul r\u00e2nd, c\u0103 partidele care, \u201di-au pus chipiul \u0219i fluieri\u0219c\u0103 de candidat au ales prost\u201d.<\/p>\n<p>Daniel Funeriu sus\u021bine c\u0103 PSD-PNL-UDMR vor doar s\u0103 testeze opinia public\u0103 arunc\u00e2nd nume de politicieni ca posibili candida\u021bi \u00een b\u0103t\u0103lia pentru Cotroceni.<\/p>\n<p>De asemenea, fostul ministru el Educa\u021biei \u00een Guvernul Boc 2 este de p\u0103rere c\u0103 PSD-PNL-UDMR sunt doar \u201dridicoli\u201d prin acest \u201dtest\u201d.\u00a0<\/p>\n\n<p><a title=\"Bomba pe scena politica! Crin Antonescu anunta ca isi SUSPENDA candidatura la Cotroceni: Daca dansii vor sa fiu din nou candidat, sa ma caute\" href=\"https:\/\/www.realitatea.net\/stiri\/politica\/bomba-pe-scena-politica-crin-antonescu-anunta-ca-isi-suspenda-candidatura-la-cotroceni_677982a58c151900c056ad32\">Bomb\u0103 pe scena politic\u0103! Crin Antonescu anun\u021b\u0103 c\u0103 \u00ee\u0219i SUSPEND\u0102 candidatura la Cotroceni: Dac\u0103 d\u00e2n\u0219ii vor sa fiu din nou candidat, s\u0103 m\u0103 caute<\/a><\/p>","protected":false},"excerpt":{"rendered":"<p>Candidatul independent la Pre\u0219edin\u021bie a afirmat c\u0103 suspendarea candidaturii lui Crin Antonescu \u0219i motivele invocate&hellip;<\/p>\n","protected":false},"author":0,"featured_media":21506,"comment_status":"open","ping_status":"open","sticky":false,"template":"","format":"standard","meta":{"footnotes":""},"categories":[2],"tags":[],"class_list":["post-21507","post","type-post","status-publish","format-standard","has-post-thumbnail","hentry","category-actual"],"_links":{"self":[{"href":"https:\/\/247stiri.ro\/index.php\/wp-json\/wp\/v2\/posts\/21507","targetHints":{"allow":["GET"]}}],"collection":[{"href":"https:\/\/247stiri.ro\/index.php\/wp-json\/wp\/v2\/posts"}],"about":[{"href":"https:\/\/247stiri.ro\/index.php\/wp-json\/wp\/v2\/types\/post"}],"replies":[{"embeddable":true,"href":"https:\/\/247stiri.ro\/index.php\/wp-json\/wp\/v2\/comments?post=21507"}],"version-history":[{"count":0,"href":"https:\/\/247stiri.ro\/index.php\/wp-json\/wp\/v2\/posts\/21507\/revisions"}],"wp:featuredmedia":[{"embeddable":true,"href":"https:\/\/247stiri.ro\/index.php\/wp-json\/wp\/v2\/media\/21506"}],"wp:attachment":[{"href":"https:\/\/247stiri.ro\/index.php\/wp-json\/wp\/v2\/media?parent=21507"}],"wp:term":[{"taxonomy":"category","embeddable":true,"href":"https:\/\/247stiri.ro\/index.php\/wp-json\/wp\/v2\/categories?post=21507"},{"taxonomy":"post_tag","embeddable":true,"href":"https:\/\/247stiri.ro\/index.php\/wp-json\/wp\/v2\/tags?post=21507"}],"curies":[{"name":"wp","href":"https:\/\/api.w.org\/{rel}","templated":true}]}}