{"id":21525,"date":"2025-01-05T08:44:59","date_gmt":"2025-01-05T08:44:59","guid":{"rendered":"https:\/\/247stiri.ro\/index.php\/2025\/01\/05\/legatura-dintre-boala-ursulei-von-der-leyen-si-vaccinurile-marn-covid-ce-spune-presa-franceza\/"},"modified":"2025-01-05T08:44:59","modified_gmt":"2025-01-05T08:44:59","slug":"legatura-dintre-boala-ursulei-von-der-leyen-si-vaccinurile-marn-covid-ce-spune-presa-franceza","status":"publish","type":"post","link":"https:\/\/247stiri.ro\/index.php\/2025\/01\/05\/legatura-dintre-boala-ursulei-von-der-leyen-si-vaccinurile-marn-covid-ce-spune-presa-franceza\/","title":{"rendered":"Leg\u0103tura dintre boala Ursulei von der Leyen \u0219i vaccinurile mARN Covid. Ce spune presa francez\u0103"},"content":{"rendered":"<p>\u201ePre\u015fedinta \u015fi-a anulat \u00eent\u00e2lnirile externe pentru primele dou\u0103 s\u0103pt\u0103m\u00e2ni din ianuarie&#8221;, a declarat un purt\u0103tor de cuv\u00e2nt al executivului comunitar. Printre deplas\u0103rile anulate se afl\u0103 o c\u0103l\u0103torie \u00een ora\u015ful polonez, Gdansk, cu ocazia prelu\u0103rii pre\u015fedin\u0163iei Consiliului Uniunii Europene de c\u0103tre Polonia, la 1 ianuarie.<\/p>\n<p>Von der Leyen \u00ee\u015fi va desf\u0103\u015fura \u00een aceast\u0103 perioad\u0103 \u201eactivitatea oficial\u0103&#8221; din ora\u015ful Hanovra, situat \u00een centrul Germaniei. \u201eDac\u0103 totul merge bine, pre\u015fedinta va fi deplin vindecat\u0103 la jum\u0103tatea lunii&#8221;, a precizat purt\u0103torul de cuv\u00e2nt citat. \u00cen v\u00e2rst\u0103 de 66 de ani, Ursula von der Leyen se afl\u0103 la conducerea Comisiei Europene de la 1 decembrie 2019.<\/p>\n<p><a title=\"Alerta totala in China: Un nou virus ameninta intreaga lume\" href=\"https:\/\/www.realitatea.net\/stiri\/actual\/alerta-totala-in-china-un-nou-virus-ameninta-intreaga-lume_677933c96474de69712b60d2\">Alert\u0103 total\u0103 \u00een China: Un nou virus amenin\u021b\u0103 \u00eentreaga lume<\/a><\/p>\n<p>Presa franceza, insa, relateaza ca boala Ursulei von der Leyen are de fapt legatura cu termenul foarte important din procesul privind transparenta pe perioada pandemiei Covid-19, legat de SMS-urile dintre ea si Alfred Bourla, CEO-ul de la Pfizer, care a tranzactionat la nivelul UE aproape un miliard de vaccinuri mARN la o populatie de peste 450 de milioane.<\/p>\n<p>Termenul din proces este 6 ianuarie 2025. Este al doilea termen, primul a fost pe 6 decembrie 2024, la Liege (Belgia), dar Ursula von der Leyen nu s-a prezentat, avocatii sai invocand o deplasare externa care nu putea fi anulata, asa ca s-a dat un nou termen peste o luna, pe 6 ianuarie 2025, termen la care, iata, presedinta Comisiei UE nu se va prezenta pe motiv de boala.<\/p>\n<p><a title=\"Ursula von der Leyen nu se simte bine. Presedinta Comisiei Europene si-a anulat toate deplasarile din cauza unei boli severe\" href=\"https:\/\/www.realitatea.net\/stiri\/actual\/ursula-von-der-leyen-nu-se-simte-bine-presedinta-comisiei-europene-sia-anulat-toate-deplasarile-din-cauza-unei-boli-severe_67780860e2ec056752102392\">Ursula von der Leyen nu se simte bine. Pre\u015fedinta Comisiei Europene \u0219i-a anulat toate deplas\u0103rile din cauza unei boli severe<\/a><\/p>","protected":false},"excerpt":{"rendered":"<p>\u201ePre\u015fedinta \u015fi-a anulat \u00eent\u00e2lnirile externe pentru primele dou\u0103 s\u0103pt\u0103m\u00e2ni din ianuarie&#8221;, a declarat un purt\u0103tor&hellip;<\/p>\n","protected":false},"author":0,"featured_media":21522,"comment_status":"open","ping_status":"open","sticky":false,"template":"","format":"standard","meta":{"footnotes":""},"categories":[2],"tags":[],"class_list":["post-21525","post","type-post","status-publish","format-standard","has-post-thumbnail","hentry","category-actual"],"_links":{"self":[{"href":"https:\/\/247stiri.ro\/index.php\/wp-json\/wp\/v2\/posts\/21525","targetHints":{"allow":["GET"]}}],"collection":[{"href":"https:\/\/247stiri.ro\/index.php\/wp-json\/wp\/v2\/posts"}],"about":[{"href":"https:\/\/247stiri.ro\/index.php\/wp-json\/wp\/v2\/types\/post"}],"replies":[{"embeddable":true,"href":"https:\/\/247stiri.ro\/index.php\/wp-json\/wp\/v2\/comments?post=21525"}],"version-history":[{"count":0,"href":"https:\/\/247stiri.ro\/index.php\/wp-json\/wp\/v2\/posts\/21525\/revisions"}],"wp:featuredmedia":[{"embeddable":true,"href":"https:\/\/247stiri.ro\/index.php\/wp-json\/wp\/v2\/media\/21522"}],"wp:attachment":[{"href":"https:\/\/247stiri.ro\/index.php\/wp-json\/wp\/v2\/media?parent=21525"}],"wp:term":[{"taxonomy":"category","embeddable":true,"href":"https:\/\/247stiri.ro\/index.php\/wp-json\/wp\/v2\/categories?post=21525"},{"taxonomy":"post_tag","embeddable":true,"href":"https:\/\/247stiri.ro\/index.php\/wp-json\/wp\/v2\/tags?post=21525"}],"curies":[{"name":"wp","href":"https:\/\/api.w.org\/{rel}","templated":true}]}}