{"id":21526,"date":"2025-01-05T08:45:00","date_gmt":"2025-01-05T08:45:00","guid":{"rendered":"https:\/\/247stiri.ro\/index.php\/2025\/01\/05\/fiul-lui-stefan-banica-batut-si-umilit-la-scoala-am-primit-niste-pumni-in-burta\/"},"modified":"2025-01-05T08:45:00","modified_gmt":"2025-01-05T08:45:00","slug":"fiul-lui-stefan-banica-batut-si-umilit-la-scoala-am-primit-niste-pumni-in-burta","status":"publish","type":"post","link":"https:\/\/247stiri.ro\/index.php\/2025\/01\/05\/fiul-lui-stefan-banica-batut-si-umilit-la-scoala-am-primit-niste-pumni-in-burta\/","title":{"rendered":"Fiul lui \u0218tefan B\u0103nic\u0103, b\u0103tut \u0219i umilit la \u0219coal\u0103: \u201eAm primit ni\u0219te pumni \u00een burt\u0103!\u201d"},"content":{"rendered":"<p>\u00cen plus fa\u021b\u0103 de bullying-ul din partea colegilor, Radu a vorbit \u0219i despre abuzurile fizice \u0219i psihologice la care a fost supus de c\u0103tre unii profesori, ceea ce a exacerbat suferin\u021ba sa. Aceste experien\u021be au avut un impact profund asupra dezvolt\u0103rii sale personale, afect\u00e2ndu-i \u00eencrederea \u00een sine \u0219i percep\u021bia asupra rela\u021biilor interumane. Radu a subliniat importan\u021ba de a vorbi despre aceste probleme, eviden\u021biind nevoia de con\u0219tientizare \u0219i schimbare \u00een sistemul educa\u021bional, pentru a preveni astfel de situa\u021bii traumatizante \u00een r\u00e2ndul copiilor.<\/p>\n<p>\u201eDe exemplu, am avut \u00een clasa a 3-a peti\u021bia anti-Radu, semnat\u0103 de copii ca s\u0103 dispar. Nu \u0219tiu de ce. \u0218i \u021bin minte de atunci subiectul banilor. Se vorbea numai despre bani, bani, bani \u0219i eu nu \u0219tiam la ce se refer\u0103 ei, pentru c\u0103 nu \u00een\u021belegeam. C\u0103 tu ai bani, c\u0103 tu tr\u0103ie\u0219ti \u00een puf, c\u0103 tu stai la castel. Dar de unde \u0219tii tu unde stau eu sau ce se \u00eent\u00e2mpl\u0103 la mine acas\u0103?&#8217;, a povestit Radu \u0218tefan B\u0103nic\u0103.<\/p>\n<p>Cea mai traumatizant\u0103 experien\u021b\u0103 a avut loc \u00een clasa a 8-a, c\u00e2nd profesorul s\u0103u de limba rom\u00e2n\u0103 l-a agresat fizic f\u0103r\u0103 niciun motiv.<\/p>\n<p>\u201eCea mai marcant\u0103 pentru mine a fost \u00een clasa a 8-a, c\u00e2nd aveam un profesor de rom\u00e2n\u0103 foarte bun. Se sup\u0103rase pe noi c\u0103 nu f\u0103cusem tema sau ceva \u0219i era foarte sever. C\u00e2nd d\u0103dea cu pumnul \u00een mas\u0103 to\u021bi eram\u2026 Dar \u0219tiu c\u0103 a ie\u0219it \u00een timpul cursului \u0219i n-am fost printre cei care nu \u0219i-au f\u0103cut tema, chiar \u00eemi f\u0103cusem tema. \u0218i st\u0103team \u0219i \u00een prima banc\u0103, a venit la mine, b\u0103i, \u0219i am primit ni\u0219te pumni \u00een burt\u0103! C\u0103 eu sunt motivul pentru care el pleac\u0103, c\u0103 s-a uitat la mine \u00een timpul discursului \u0219i nu \u0219tiu ce.<\/p>\n<p><a title=\"Stefan Banica, reactie emotionata la anuntul mortii marelui actor Mircea Diaconu\" href=\"https:\/\/www.realitatea.net\/stiri\/actual\/stefan-banica-reactie-emotionata-la-anuntul-mortii-marelui-actor-mircea-diaconu_675db13c3230bd50644b4782\">\u0218tefan B\u0103nic\u0103, reac\u021bie emo\u021bionat\u0103 la anun\u021bul mor\u021bii marelui actor Mircea Diaconu<\/a><\/p>\n<p>\u0218i m-am dus \u0219i m-am ascuns \u00een baie \u0219i singura persoan\u0103 care m-a scos de acolo a fost doamna directoare. Culmea e c\u0103 e \u0219i un after bullying, adic\u0103 c\u00e2nd am intrat acolo \u0219i \u00eencercam s\u0103 par c\u0103 n-am pl\u00e2ns deloc, de\u0219i pl\u00e2nsesem de nu mai puteam, \u0219i mai r\u0103u \u00eencepea. Acum se lua de mine c\u0103 de ce pl\u00e2ngi, e\u0219ti feti\u021b\u0103? P\u0103i dup\u0103 6 pumni \u00een burt\u0103 pl\u00e2nge oricine la 13 ani&#8217;, a mai povestit Radu.<\/p>\n<p>Dar problemele t\u00e2n\u0103rului nu s-au oprit aici. El a mai dezv\u0103luit c\u0103 a fost recent victima unor acte de agresiune. \u201eM-am mutat \u0219i mi s-a tot vandalizat ma\u0219ina: cu\u021bite \u00een anvelope, zg\u00e2rieturi pe u\u0219i \u0219i lovituri \u00een bar\u0103, bara din fa\u021ba, bara din spate, \u0219uturi&#8217;, a mai spus Radu B\u0103nic\u0103.\u00a0<\/p>\n\n<p>Aceste experien\u021be l-au afectat profund, \u00eens\u0103, \u00een loc s\u0103 se simt\u0103 cople\u0219it, Radu \u0218tefan B\u0103nic\u0103 a ales s\u0103 le \u00eemp\u0103rt\u0103\u0219easc\u0103 pentru a atrage aten\u021bia asupra fenomenului bullying-ului \u0219i a abuzurilor din \u0219coli.<\/p>\n<p>\u00cen prezent, Radu \u0218tefan B\u0103nic\u0103 este un t\u00e2n\u0103r talentat \u0219i plin de promisiuni, \u00eens\u0103 traumele trecutului l-au transformat \u00eentr-un ap\u0103r\u0103tor al celor care se confrunt\u0103 cu nedrept\u0103\u021bi asem\u0103n\u0103toare. M\u0103rturia sa constituie un pas semnificativ \u00een lupta \u00eempotriva bullying-ului \u0219i a abuzurilor \u00een mediul educa\u021bional.<\/p>\n<p><a title=\"Suma impresionanta platita de Andreea Marin si Stefan Banica pentru facultatea fiicei lor. Violeta va pleca in SUA\" href=\"https:\/\/www.realitatea.net\/stiri\/monden\/suma-impresionanta-platita-de-andreea-marin-si-stefan-banica-pentru-facultatea-fiicei-lor-violeta-va-pleca-in-sua_676bdaa8f665a8374617cad2\">Suma impresionant\u0103 pl\u0103tit\u0103 de Andreea Marin \u0219i \u0218tefan B\u0103nic\u0103 pentru facultatea fiicei lor. Violeta va pleca \u00een SUA<\/a><\/p>","protected":false},"excerpt":{"rendered":"<p>\u00cen plus fa\u021b\u0103 de bullying-ul din partea colegilor, Radu a vorbit \u0219i despre abuzurile fizice&hellip;<\/p>\n","protected":false},"author":0,"featured_media":21520,"comment_status":"open","ping_status":"open","sticky":false,"template":"","format":"standard","meta":{"footnotes":""},"categories":[2],"tags":[],"class_list":["post-21526","post","type-post","status-publish","format-standard","has-post-thumbnail","hentry","category-actual"],"_links":{"self":[{"href":"https:\/\/247stiri.ro\/index.php\/wp-json\/wp\/v2\/posts\/21526","targetHints":{"allow":["GET"]}}],"collection":[{"href":"https:\/\/247stiri.ro\/index.php\/wp-json\/wp\/v2\/posts"}],"about":[{"href":"https:\/\/247stiri.ro\/index.php\/wp-json\/wp\/v2\/types\/post"}],"replies":[{"embeddable":true,"href":"https:\/\/247stiri.ro\/index.php\/wp-json\/wp\/v2\/comments?post=21526"}],"version-history":[{"count":0,"href":"https:\/\/247stiri.ro\/index.php\/wp-json\/wp\/v2\/posts\/21526\/revisions"}],"wp:featuredmedia":[{"embeddable":true,"href":"https:\/\/247stiri.ro\/index.php\/wp-json\/wp\/v2\/media\/21520"}],"wp:attachment":[{"href":"https:\/\/247stiri.ro\/index.php\/wp-json\/wp\/v2\/media?parent=21526"}],"wp:term":[{"taxonomy":"category","embeddable":true,"href":"https:\/\/247stiri.ro\/index.php\/wp-json\/wp\/v2\/categories?post=21526"},{"taxonomy":"post_tag","embeddable":true,"href":"https:\/\/247stiri.ro\/index.php\/wp-json\/wp\/v2\/tags?post=21526"}],"curies":[{"name":"wp","href":"https:\/\/api.w.org\/{rel}","templated":true}]}}