{"id":21547,"date":"2025-01-05T12:45:00","date_gmt":"2025-01-05T12:45:00","guid":{"rendered":"https:\/\/247stiri.ro\/index.php\/2025\/01\/05\/incendiu-de-proportii-la-liceul-timpuri-noi-pompierii-intervin-cu-10-autospeciale\/"},"modified":"2025-01-05T12:45:00","modified_gmt":"2025-01-05T12:45:00","slug":"incendiu-de-proportii-la-liceul-timpuri-noi-pompierii-intervin-cu-10-autospeciale","status":"publish","type":"post","link":"https:\/\/247stiri.ro\/index.php\/2025\/01\/05\/incendiu-de-proportii-la-liceul-timpuri-noi-pompierii-intervin-cu-10-autospeciale\/","title":{"rendered":"Incendiu de propor\u021bii la Liceul Timpuri Noi. Pompierii intervin cu 10 autospeciale"},"content":{"rendered":"<p>Fl\u0103c\u0103rile s-au extins rapid, afect\u00e2nd at\u00e2t acoperi\u0219ul, c\u00e2t \u0219i interiorul construc\u021biei pe o suprafa\u021b\u0103 estimat\u0103 de peste 500 de metri p\u0103tra\u021bi.<\/p>\n\n<p>La fa\u021ba locului, au fost mobilizate zece autospeciale de stingere, \u00eempreun\u0103 cu echipe de interven\u021bie specializate, care au ac\u021bionat prompt pentru a limita extinderea incendiului \u0219i pentru a proteja zonele \u00eenvecinate.<\/p>\n\n<p>S-au realizat dispozitive de stingere at\u00e2t din interiorul cl\u0103dirii, c\u00e2t \u0219i din exterior, folosind autoscara pentru a accesa zonele greu accesibile.<\/p>\n\n<p>Potrivit primelor informa\u021bii, nu au fost raportate victime \u00een urma acestui incident, dat fiind c\u0103 cl\u0103direa nu era locuit\u0103.<\/p>\n<p>Autorit\u0103\u021bile au informat c\u0103 exist\u0103 posibilit\u0103\u021bi reduse de extindere a incendiului la alte corpuri de cl\u0103dire din curtea interioar\u0103 a liceului.<\/p>\n\n<p>Fumul degajat nu a reprezentat un pericol pentru popula\u021bie, iar interven\u021bia prompt\u0103 a echipelor de pompieri a contribuit la controlarea situa\u021biei.<\/p>\n<p><a title=\"Incendiu intr-un apartament din Piatra-Neamt: 8 persoane au fost evacuate\" href=\"https:\/\/www.realitatea.net\/stiri\/actual\/incendiu-intrun-apartament-din-piatraneamt-8-persoane-au-fost-evacuate_677995864bf20f14281fd9b2\">Incendiu \u00eentr-un apartament din Piatra-Neam\u0163: 8 persoane au fost evacuate<\/a><\/p>","protected":false},"excerpt":{"rendered":"<p>Fl\u0103c\u0103rile s-au extins rapid, afect\u00e2nd at\u00e2t acoperi\u0219ul, c\u00e2t \u0219i interiorul construc\u021biei pe o suprafa\u021b\u0103 estimat\u0103&hellip;<\/p>\n","protected":false},"author":0,"featured_media":21548,"comment_status":"open","ping_status":"open","sticky":false,"template":"","format":"standard","meta":{"footnotes":""},"categories":[2],"tags":[],"class_list":["post-21547","post","type-post","status-publish","format-standard","has-post-thumbnail","hentry","category-actual"],"_links":{"self":[{"href":"https:\/\/247stiri.ro\/index.php\/wp-json\/wp\/v2\/posts\/21547","targetHints":{"allow":["GET"]}}],"collection":[{"href":"https:\/\/247stiri.ro\/index.php\/wp-json\/wp\/v2\/posts"}],"about":[{"href":"https:\/\/247stiri.ro\/index.php\/wp-json\/wp\/v2\/types\/post"}],"replies":[{"embeddable":true,"href":"https:\/\/247stiri.ro\/index.php\/wp-json\/wp\/v2\/comments?post=21547"}],"version-history":[{"count":0,"href":"https:\/\/247stiri.ro\/index.php\/wp-json\/wp\/v2\/posts\/21547\/revisions"}],"wp:featuredmedia":[{"embeddable":true,"href":"https:\/\/247stiri.ro\/index.php\/wp-json\/wp\/v2\/media\/21548"}],"wp:attachment":[{"href":"https:\/\/247stiri.ro\/index.php\/wp-json\/wp\/v2\/media?parent=21547"}],"wp:term":[{"taxonomy":"category","embeddable":true,"href":"https:\/\/247stiri.ro\/index.php\/wp-json\/wp\/v2\/categories?post=21547"},{"taxonomy":"post_tag","embeddable":true,"href":"https:\/\/247stiri.ro\/index.php\/wp-json\/wp\/v2\/tags?post=21547"}],"curies":[{"name":"wp","href":"https:\/\/api.w.org\/{rel}","templated":true}]}}