{"id":21554,"date":"2025-01-05T13:45:12","date_gmt":"2025-01-05T13:45:12","guid":{"rendered":"https:\/\/247stiri.ro\/index.php\/2025\/01\/05\/val-de-reactii-dupa-ce-crin-antonescu-a-anuntat-ca-isi-suspenda-candidatura-la-cotroceni-ce-a-spus-nicusor-dan\/"},"modified":"2025-01-05T13:45:12","modified_gmt":"2025-01-05T13:45:12","slug":"val-de-reactii-dupa-ce-crin-antonescu-a-anuntat-ca-isi-suspenda-candidatura-la-cotroceni-ce-a-spus-nicusor-dan","status":"publish","type":"post","link":"https:\/\/247stiri.ro\/index.php\/2025\/01\/05\/val-de-reactii-dupa-ce-crin-antonescu-a-anuntat-ca-isi-suspenda-candidatura-la-cotroceni-ce-a-spus-nicusor-dan\/","title":{"rendered":"Val de reac\u021bii dup\u0103 ce Crin Antonescu a anun\u021bat c\u0103 \u00ee\u0219i suspend\u0103 candidatura la Cotroceni. Ce a spus Nicu\u0219or Dan"},"content":{"rendered":"<p>\u00cen vreme ce Crin Antonescu face un pas \u00een spate, iar Victor Ponta se urc\u0103 pe valul suveranist, Nicu\u0219or Dan r\u0103m\u00e2ne ferm pe pozi\u021bii \u0219i anun\u021b\u0103 c\u0103 va candida la preziden\u021biale indiferent de condi\u021bii. Scena politic\u0103 se reconfigureaz\u0103, iar tensiunea atinge cote maxime.\u00a0<\/p>\n<p>Nicu\u0219or Dan \u0219i-a reafirmat angajamentul fa\u021b\u0103 de aleg\u0103tori, imediat dup\u0103 anun\u021bul lui Crin Antonescu, spun\u00e2nd c\u0103 vrea s\u0103 aduc\u0103 o viziune clar\u0103 \u0219i solu\u021bii concrete pentru Rom\u00e2nia.\u00a0<\/p>\n<p>Printre cei care au reac\u021bionat dur la anun\u021bul lui Crin Antonescu c\u0103 \u00ee\u0219i suspend\u0103 candidatura la alegerile preziden\u021biale se num\u0103r\u0103 \u0219i Ionu\u021b Mo\u0219teanu, liderul deputa\u021bilor USR. Acesta l-a numit pe Crin Antonescu o marionet\u0103 \u0219i a insinuat c\u0103 r\u0103spunde la comanda serviciilor secrete.\u00a0<\/p>\n<p>\u201eIe\u0219irea aparent dur\u0103 a lui Crin Antonescu e \u00eenc\u0103 un episod din lupta din interiorul sistemului. O marionet\u0103 cu comand\u0103 la p\u0103dure care r\u0103spunde cuminte la ordine\u201d, a precizat Ionu\u021b Mo\u0219teanu. Liderul deputa\u021bilor USR a mai ad\u0103ugat c\u0103 democra\u021bia din Rom\u00e2nia se apropie \u00een acest moment mai mult de America de Sud sau Africa dec\u00e2t de Europa.\u00a0<\/p>\n<p><a href=\"https:\/\/www.realitatea.net\/stiri\/actual\/daniel-funeriu-reactie-ironica-dupa-suspendarea-lui-crin-antonescu-sper-ca-nu-vor-incerca-acum-cu-ponta-vom-avea-expuse-moastele-sfantului-usl_677a260eba6e960e2f692682\" target=\"_blank\">Daniel Funeriu, reac\u021bie ironic\u0103 dup\u0103 suspendarea lui Crin Antonescu: \u201eSper c\u0103 nu vor \u00eencerca acum cu Ponta, vom avea expuse moa\u0219tele sf\u00e2ntului USL\u201d<\/a><\/p>","protected":false},"excerpt":{"rendered":"<p>\u00cen vreme ce Crin Antonescu face un pas \u00een spate, iar Victor Ponta se urc\u0103&hellip;<\/p>\n","protected":false},"author":0,"featured_media":21546,"comment_status":"open","ping_status":"open","sticky":false,"template":"","format":"standard","meta":{"footnotes":""},"categories":[2],"tags":[],"class_list":["post-21554","post","type-post","status-publish","format-standard","has-post-thumbnail","hentry","category-actual"],"_links":{"self":[{"href":"https:\/\/247stiri.ro\/index.php\/wp-json\/wp\/v2\/posts\/21554","targetHints":{"allow":["GET"]}}],"collection":[{"href":"https:\/\/247stiri.ro\/index.php\/wp-json\/wp\/v2\/posts"}],"about":[{"href":"https:\/\/247stiri.ro\/index.php\/wp-json\/wp\/v2\/types\/post"}],"replies":[{"embeddable":true,"href":"https:\/\/247stiri.ro\/index.php\/wp-json\/wp\/v2\/comments?post=21554"}],"version-history":[{"count":0,"href":"https:\/\/247stiri.ro\/index.php\/wp-json\/wp\/v2\/posts\/21554\/revisions"}],"wp:featuredmedia":[{"embeddable":true,"href":"https:\/\/247stiri.ro\/index.php\/wp-json\/wp\/v2\/media\/21546"}],"wp:attachment":[{"href":"https:\/\/247stiri.ro\/index.php\/wp-json\/wp\/v2\/media?parent=21554"}],"wp:term":[{"taxonomy":"category","embeddable":true,"href":"https:\/\/247stiri.ro\/index.php\/wp-json\/wp\/v2\/categories?post=21554"},{"taxonomy":"post_tag","embeddable":true,"href":"https:\/\/247stiri.ro\/index.php\/wp-json\/wp\/v2\/tags?post=21554"}],"curies":[{"name":"wp","href":"https:\/\/api.w.org\/{rel}","templated":true}]}}