{"id":21557,"date":"2025-01-05T14:44:51","date_gmt":"2025-01-05T14:44:51","guid":{"rendered":"https:\/\/247stiri.ro\/index.php\/2025\/01\/05\/george-simion-a-ajuns-in-mijlocul-protestararilor-din-piata-victoriei-este-a-saptea-zi-de-manifestatii\/"},"modified":"2025-01-05T14:44:51","modified_gmt":"2025-01-05T14:44:51","slug":"george-simion-a-ajuns-in-mijlocul-protestararilor-din-piata-victoriei-este-a-saptea-zi-de-manifestatii","status":"publish","type":"post","link":"https:\/\/247stiri.ro\/index.php\/2025\/01\/05\/george-simion-a-ajuns-in-mijlocul-protestararilor-din-piata-victoriei-este-a-saptea-zi-de-manifestatii\/","title":{"rendered":"George Simion a ajuns \u00een mijlocul protestararilor din Pia\u021ba Victoriei. Este a \u0219aptea zi de manifesta\u021bii"},"content":{"rendered":"<p>Liderul AUR George Simion a ajuns duminic\u0103 dup\u0103-amiaz\u0103 la protestul din Pia\u021ba Victoriei orgaizat chiar \u00een fa\u021ba Guvernului Rom\u00e2niei.<\/p>\n<p>&#8222;E timpul s\u0103 ne str\u00e2ngem mul\u021bi&#8221;, le-a spus Simion oamenilor prezen\u021bi \u00een Pia\u021ba Victoriei.\u00a0<\/p>\n\n<p>Sute de oameni sunt prezen\u021bi pentru a \u0219aptea zi consecutiv pentru a-\u0219i striga nemul\u021bumirea \u00een strad\u0103 fa\u021b\u0103 de anularea alegerilor preziden\u021biale.\u00a0<\/p>\n<p>Oamenii cer reluarea turului doi al alegerilor preziden\u021biale. Protestatarii au venit din mai multe ora\u0219e din \u021bar\u0103 \u0219i spun c\u0103 cei care ne conduc ar trebui s\u0103 demisioneze de urgen\u021b\u0103.\u00a0<\/p>","protected":false},"excerpt":{"rendered":"<p>Liderul AUR George Simion a ajuns duminic\u0103 dup\u0103-amiaz\u0103 la protestul din Pia\u021ba Victoriei orgaizat chiar&hellip;<\/p>\n","protected":false},"author":0,"featured_media":21558,"comment_status":"open","ping_status":"open","sticky":false,"template":"","format":"standard","meta":{"footnotes":""},"categories":[3],"tags":[],"class_list":["post-21557","post","type-post","status-publish","format-standard","has-post-thumbnail","hentry","category-politica"],"_links":{"self":[{"href":"https:\/\/247stiri.ro\/index.php\/wp-json\/wp\/v2\/posts\/21557","targetHints":{"allow":["GET"]}}],"collection":[{"href":"https:\/\/247stiri.ro\/index.php\/wp-json\/wp\/v2\/posts"}],"about":[{"href":"https:\/\/247stiri.ro\/index.php\/wp-json\/wp\/v2\/types\/post"}],"replies":[{"embeddable":true,"href":"https:\/\/247stiri.ro\/index.php\/wp-json\/wp\/v2\/comments?post=21557"}],"version-history":[{"count":0,"href":"https:\/\/247stiri.ro\/index.php\/wp-json\/wp\/v2\/posts\/21557\/revisions"}],"wp:featuredmedia":[{"embeddable":true,"href":"https:\/\/247stiri.ro\/index.php\/wp-json\/wp\/v2\/media\/21558"}],"wp:attachment":[{"href":"https:\/\/247stiri.ro\/index.php\/wp-json\/wp\/v2\/media?parent=21557"}],"wp:term":[{"taxonomy":"category","embeddable":true,"href":"https:\/\/247stiri.ro\/index.php\/wp-json\/wp\/v2\/categories?post=21557"},{"taxonomy":"post_tag","embeddable":true,"href":"https:\/\/247stiri.ro\/index.php\/wp-json\/wp\/v2\/tags?post=21557"}],"curies":[{"name":"wp","href":"https:\/\/api.w.org\/{rel}","templated":true}]}}