{"id":21559,"date":"2025-01-05T14:44:52","date_gmt":"2025-01-05T14:44:52","guid":{"rendered":"https:\/\/247stiri.ro\/index.php\/2025\/01\/05\/un-sofer-vitezoman-prins-cu-102-de-km-h-a-aruncat-cu-drugtest-ul-in-fata-unui-politist-apoi-l-a-muscat-pe-altul-de-mana-scene-halucinante-in-traficul-din-craiova\/"},"modified":"2025-01-05T14:44:52","modified_gmt":"2025-01-05T14:44:52","slug":"un-sofer-vitezoman-prins-cu-102-de-km-h-a-aruncat-cu-drugtest-ul-in-fata-unui-politist-apoi-l-a-muscat-pe-altul-de-mana-scene-halucinante-in-traficul-din-craiova","status":"publish","type":"post","link":"https:\/\/247stiri.ro\/index.php\/2025\/01\/05\/un-sofer-vitezoman-prins-cu-102-de-km-h-a-aruncat-cu-drugtest-ul-in-fata-unui-politist-apoi-l-a-muscat-pe-altul-de-mana-scene-halucinante-in-traficul-din-craiova\/","title":{"rendered":"Un \u0219ofer vitezoman prins cu 102 de km\/h a aruncat cu Drugtest-ul \u00een fa\u0163a unui poli\u0163ist, apoi l-a mu\u0219cat pe altul de m\u00e2n\u0103. Scene halucinante \u00een traficul din Craiova"},"content":{"rendered":"<p>\u0218oferul a fost sanc\u0163ionat de poli\u0163i\u015fti \u0219i i-a fost suspendat dreptul de a conduce autovehicule pe drumurile publice, pentru o perioad\u0103 de 90 de zile. El a refuzat s\u0103 ia la cuno\u015ftin\u0163\u0103 despre con\u0163inutului procesului-verbal \u00eentocmit de poli\u0163i\u015fti \u015fi a devenit recalcitrant.<\/p>\n<p>\u201dPoli\u0163i\u015ftii au procedat la testatarea cu aparatele alcooltest \u015fi Drugtest, moment \u00een care, t\u00e2n\u0103rul ar fi aruncat c\u0103tre unul din poli\u0163i\u015fti cu kitul pentru testare Drugtest, provocandu-i leziuni \u00een zona fe\u0163ei. Ulterior, t\u00e2n\u0103rul a \u00eencercat s\u0103 fug\u0103, fiind prins \u015fi imobilizat de poli\u0163i\u015fti. \u00cen timpul imobiliz\u0103rii, t\u00e2n\u0103rul ar fi mu\u015fcat, de m\u00e2na dreapt\u0103, un alt poli\u0163i\u015ft\u201d, au precizat reprezentan\u0163ii IPJ Dolj, cita\u021bi de News.ro.<\/p>\n<p>T\u00e2n\u0103rul a fost dus la sediul poli\u0163iei, unde a fost testat pentru consum de alcool \u015fi droguri, iar rezultatele au fost negative.<\/p>\n<p>Poli\u0163i\u015ftii au deschis dosar penal pentru ultraj. De asemenea, conducerea Inspectoratului de Poli\u0163ie Jude\u0163ean Dolj a dispus s\u0103 fac\u0103 verific\u0103ri cu privire la modul de interven\u0163ie al poli\u0163i\u015ftilor.<\/p>","protected":false},"excerpt":{"rendered":"<p>\u0218oferul a fost sanc\u0163ionat de poli\u0163i\u015fti \u0219i i-a fost suspendat dreptul de a conduce autovehicule&hellip;<\/p>\n","protected":false},"author":0,"featured_media":21560,"comment_status":"open","ping_status":"open","sticky":false,"template":"","format":"standard","meta":{"footnotes":""},"categories":[2],"tags":[],"class_list":["post-21559","post","type-post","status-publish","format-standard","has-post-thumbnail","hentry","category-actual"],"_links":{"self":[{"href":"https:\/\/247stiri.ro\/index.php\/wp-json\/wp\/v2\/posts\/21559","targetHints":{"allow":["GET"]}}],"collection":[{"href":"https:\/\/247stiri.ro\/index.php\/wp-json\/wp\/v2\/posts"}],"about":[{"href":"https:\/\/247stiri.ro\/index.php\/wp-json\/wp\/v2\/types\/post"}],"replies":[{"embeddable":true,"href":"https:\/\/247stiri.ro\/index.php\/wp-json\/wp\/v2\/comments?post=21559"}],"version-history":[{"count":0,"href":"https:\/\/247stiri.ro\/index.php\/wp-json\/wp\/v2\/posts\/21559\/revisions"}],"wp:featuredmedia":[{"embeddable":true,"href":"https:\/\/247stiri.ro\/index.php\/wp-json\/wp\/v2\/media\/21560"}],"wp:attachment":[{"href":"https:\/\/247stiri.ro\/index.php\/wp-json\/wp\/v2\/media?parent=21559"}],"wp:term":[{"taxonomy":"category","embeddable":true,"href":"https:\/\/247stiri.ro\/index.php\/wp-json\/wp\/v2\/categories?post=21559"},{"taxonomy":"post_tag","embeddable":true,"href":"https:\/\/247stiri.ro\/index.php\/wp-json\/wp\/v2\/tags?post=21559"}],"curies":[{"name":"wp","href":"https:\/\/api.w.org\/{rel}","templated":true}]}}