{"id":2156,"date":"2024-10-26T18:44:47","date_gmt":"2024-10-26T18:44:47","guid":{"rendered":"https:\/\/247stiri.ro\/index.php\/2024\/10\/26\/ora-de-iarna-da-este-cap-traficul-feroviar-peste-80-de-trenuri-vor-stationa-la-noapte-timp-de-aproape-5-000-de-minute\/"},"modified":"2024-10-26T18:44:47","modified_gmt":"2024-10-26T18:44:47","slug":"ora-de-iarna-da-este-cap-traficul-feroviar-peste-80-de-trenuri-vor-stationa-la-noapte-timp-de-aproape-5-000-de-minute","status":"publish","type":"post","link":"https:\/\/247stiri.ro\/index.php\/2024\/10\/26\/ora-de-iarna-da-este-cap-traficul-feroviar-peste-80-de-trenuri-vor-stationa-la-noapte-timp-de-aproape-5-000-de-minute\/","title":{"rendered":"Ora de iarn\u0103 d\u0103 este cap traficul feroviar. Peste 80 de trenuri vor sta\u021biona la noapte timp de aproape 5.000 de minute"},"content":{"rendered":"<p>Un num\u0103r de 81 de trenuri apar\u0163in\u00e2nd tuturor operatorilor de transport feroviar de c\u0103l\u0103tori vor sta\u0163iona, la nivel na\u0163ional, timp de 4.860 de minute, \u00een total, pentru trecerea la ora oficial\u0103 de iarn\u0103, \u00een noaptea de s\u00e2mb\u0103t\u0103 spre duminic\u0103, informeaz\u0103 CFR.<\/p>\n<p>Potrivit administratorului de infrastructur\u0103 feroviar\u0103 public\u0103, activitateade transport feroviar va trece, \u00eencep\u00e2nd de duminic\u0103, 27 octombrie 2024, la ora Europei Orientale, ora 04:00 devenind ora 03:00. Astfel, \u00een noaptea de 26\/27 octombrie 2024, trenurile de c\u0103l\u0103tori \u015fi marf\u0103 vor fi expediate din sta\u0163iile de plecare conform orei oficiale de var\u0103, p\u00e2n\u0103 la ora 4:00, care va deveni ora 3:00.<\/p>\n<p>Trenurile de c\u0103l\u0103tori aflate \u00een circula\u0163ie dup\u0103 ora 4:00 (ora oficial\u0103 de var\u0103) vor opri \u00een sta\u0163iile de parcurs \u2013 de regul\u0103 \u00een prima sta\u0163ie de oprire destinat\u0103 c\u0103l\u0103torilor, evit\u00e2nd opririle \u00een sta\u0163iile intermediare \u2013 \u015fi vor pleca dup\u0103 noua or\u0103 a Europei Orientale.<\/p>\n<p>Trenurile de c\u0103l\u0103tori aflate \u00een circula\u0163ie dup\u0103 ora 4:00, care devine ora 3:00, \u015fi care mai au de parcurs o distan\u0163\u0103 scurt\u0103 p\u00e2n\u0103 la destina\u0163ie, vor continua mersul p\u00e2n\u0103 la sta\u0163ia final\u0103. Trenurile de marf\u0103 aflate \u00een circula\u0163ie dup\u0103 ora 4:00 (care devine ora 3:00) vor continua mersul p\u00e2n\u0103 la sta\u0163ia final\u0103, precizeaz\u0103 compania.<\/p>","protected":false},"excerpt":{"rendered":"<p>Un num\u0103r de 81 de trenuri apar\u0163in\u00e2nd tuturor operatorilor de transport feroviar de c\u0103l\u0103tori vor&hellip;<\/p>\n","protected":false},"author":0,"featured_media":2157,"comment_status":"open","ping_status":"open","sticky":false,"template":"","format":"standard","meta":{"footnotes":""},"categories":[2],"tags":[],"class_list":["post-2156","post","type-post","status-publish","format-standard","has-post-thumbnail","hentry","category-actual"],"_links":{"self":[{"href":"https:\/\/247stiri.ro\/index.php\/wp-json\/wp\/v2\/posts\/2156","targetHints":{"allow":["GET"]}}],"collection":[{"href":"https:\/\/247stiri.ro\/index.php\/wp-json\/wp\/v2\/posts"}],"about":[{"href":"https:\/\/247stiri.ro\/index.php\/wp-json\/wp\/v2\/types\/post"}],"replies":[{"embeddable":true,"href":"https:\/\/247stiri.ro\/index.php\/wp-json\/wp\/v2\/comments?post=2156"}],"version-history":[{"count":0,"href":"https:\/\/247stiri.ro\/index.php\/wp-json\/wp\/v2\/posts\/2156\/revisions"}],"wp:featuredmedia":[{"embeddable":true,"href":"https:\/\/247stiri.ro\/index.php\/wp-json\/wp\/v2\/media\/2157"}],"wp:attachment":[{"href":"https:\/\/247stiri.ro\/index.php\/wp-json\/wp\/v2\/media?parent=2156"}],"wp:term":[{"taxonomy":"category","embeddable":true,"href":"https:\/\/247stiri.ro\/index.php\/wp-json\/wp\/v2\/categories?post=2156"},{"taxonomy":"post_tag","embeddable":true,"href":"https:\/\/247stiri.ro\/index.php\/wp-json\/wp\/v2\/tags?post=2156"}],"curies":[{"name":"wp","href":"https:\/\/api.w.org\/{rel}","templated":true}]}}