{"id":21569,"date":"2025-01-05T15:44:55","date_gmt":"2025-01-05T15:44:55","guid":{"rendered":"https:\/\/247stiri.ro\/index.php\/2025\/01\/05\/coalitia-l-a-scos-pe-crin-antonescu-de-la-naftalina-dar-l-a-uitat-in-geam-ciolacu-si-bolojan-au-amutit-dupa-suspendarea-candidatului-comun-la-prezidentiale\/"},"modified":"2025-01-05T15:44:55","modified_gmt":"2025-01-05T15:44:55","slug":"coalitia-l-a-scos-pe-crin-antonescu-de-la-naftalina-dar-l-a-uitat-in-geam-ciolacu-si-bolojan-au-amutit-dupa-suspendarea-candidatului-comun-la-prezidentiale","status":"publish","type":"post","link":"https:\/\/247stiri.ro\/index.php\/2025\/01\/05\/coalitia-l-a-scos-pe-crin-antonescu-de-la-naftalina-dar-l-a-uitat-in-geam-ciolacu-si-bolojan-au-amutit-dupa-suspendarea-candidatului-comun-la-prezidentiale\/","title":{"rendered":"Coali\u021bia l-a scos pe Crin Antonescu &#8222;de la naftalin\u0103&#8221;, dar l-a uitat \u00een geam. Ciolacu \u0219i Bolojan au AMU\u021aIT dup\u0103 suspendarea candidatului comun la preziden\u021biale"},"content":{"rendered":"<p>Anun\u021bul lui Crin Antonescu c\u0103 \u00ee\u0219i suspend\u0103 candidatura la alegerile preziden\u021biale a st\u00e2rnit mai multe reac\u021bii din partea politicienilor. Singurul reprezentat al coali\u021biei care a comentat aceast\u0103 decizie este Kelemen Hunor, pre\u0219edintele UDMR, \u00een timp ce Marcel Ciolacu \u0219i Ilie Bolojan, principalii liderii ai coali\u021biei, nu au oferit nicio reac\u021bie public\u0103 pe marginea acestui subiect.<\/p>\n<p>&#8222;Are dreptate Crin Antonescu. Data alegerilor trebuie stabilit\u0103 c\u00e2t mai repede, nu putem tergiversa, nu putem am\u00e2na stabilirea datei alegerilor. S\u0103pt\u0103m\u00e2na care urmeaz\u0103 trebuie o decizie care s\u0103 se transforme \u00een OUG \u0219i apoi \u00een Hot\u0103r\u00e2re de Guvern, iar aceste alegeri preziden\u021biale trebuie f\u0103cute \u00eenainte de Pa\u0219te&#8221;, a fost reac\u021bia lui Kelemen Hunor.<\/p>\n<p>De cealalt\u0103 partea, Ionu\u021b Mo\u0219teanu, liderul deputa\u021bilor USR, l-a numit pe Crin Antonescu o marionet\u0103 care r\u0103spunde la comanda serviciilor secrete, iar despre anun\u021bul s\u0103u a precizat c\u0103 nu este dec\u00e2t \u00eenc\u0103 un episod din lupta din interiorul sistemului.<\/p>\n<p><a href=\"https:\/\/www.realitatea.net\/stiri\/actual\/daniel-funeriu-reactie-ironica-dupa-suspendarea-lui-crin-antonescu-sper-ca-nu-vor-incerca-acum-cu-ponta-vom-avea-expuse-moastele-sfantului-usl_677a260eba6e960e2f692682\" target=\"_blank\">Daniel Funeriu<\/a>, cel care a anun\u021bat c\u0103 va candida independent la aceste alegeri, sugereaz\u0103 c\u0103 se a\u0219tepta la o astfel de ie\u0219ire din partea lui Crin Antonescu \u0219i, mai mult, spune despre acesta c\u0103 nu este un om pe picioarele lui \u0219i nu poate conduce, astfel, Rom\u00e2nia. Daniel Funeriu a mai ad\u0103ugat c\u0103 sper\u0103 ca liderii coali\u021biei s\u0103 nu aleag\u0103 s\u0103 mearg\u0103 la alegerile preziden\u021biale cu Victor Ponta din postura de candidat.<\/p>\n<p>De cealalt\u0103 parte, Victor Ponta s-a dezis de propunerea coali\u021biei de a-l avea pe Crin Antonescu drept candidat comun chiar \u00eenainte de anun\u021bul acestuia. Mai mult, Victor Ponta spune c\u0103 singurul candidat pe care \u00eel consider\u0103 capabil este Marcel Ciolacu.<\/p>\n<p>\u00centre timp, <a href=\"https:\/\/www.realitatea.net\/stiri\/actual\/val-de-reactii-dupa-ce-crin-antonescu-a-anuntat-ca-isi-suspenda-candidatura-la-cotroceni-ce-a-spus-nicusor-dan_677a7e8bf89f5857c46e01f3\" target=\"_blank\">Nicu\u0219or Dan<\/a> a anun\u021bat, la r\u00e2ndul s\u0103u, c\u0103 \u00ee\u0219i men\u021bine dorin\u021ba de a candida la alegerile preziden\u021biale, indiferent de condi\u021biile partidelor.\u00a0<\/p>","protected":false},"excerpt":{"rendered":"<p>Anun\u021bul lui Crin Antonescu c\u0103 \u00ee\u0219i suspend\u0103 candidatura la alegerile preziden\u021biale a st\u00e2rnit mai multe&hellip;<\/p>\n","protected":false},"author":0,"featured_media":21570,"comment_status":"open","ping_status":"open","sticky":false,"template":"","format":"standard","meta":{"footnotes":""},"categories":[3],"tags":[],"class_list":["post-21569","post","type-post","status-publish","format-standard","has-post-thumbnail","hentry","category-politica"],"_links":{"self":[{"href":"https:\/\/247stiri.ro\/index.php\/wp-json\/wp\/v2\/posts\/21569","targetHints":{"allow":["GET"]}}],"collection":[{"href":"https:\/\/247stiri.ro\/index.php\/wp-json\/wp\/v2\/posts"}],"about":[{"href":"https:\/\/247stiri.ro\/index.php\/wp-json\/wp\/v2\/types\/post"}],"replies":[{"embeddable":true,"href":"https:\/\/247stiri.ro\/index.php\/wp-json\/wp\/v2\/comments?post=21569"}],"version-history":[{"count":0,"href":"https:\/\/247stiri.ro\/index.php\/wp-json\/wp\/v2\/posts\/21569\/revisions"}],"wp:featuredmedia":[{"embeddable":true,"href":"https:\/\/247stiri.ro\/index.php\/wp-json\/wp\/v2\/media\/21570"}],"wp:attachment":[{"href":"https:\/\/247stiri.ro\/index.php\/wp-json\/wp\/v2\/media?parent=21569"}],"wp:term":[{"taxonomy":"category","embeddable":true,"href":"https:\/\/247stiri.ro\/index.php\/wp-json\/wp\/v2\/categories?post=21569"},{"taxonomy":"post_tag","embeddable":true,"href":"https:\/\/247stiri.ro\/index.php\/wp-json\/wp\/v2\/tags?post=21569"}],"curies":[{"name":"wp","href":"https:\/\/api.w.org\/{rel}","templated":true}]}}