{"id":21577,"date":"2025-01-05T16:45:45","date_gmt":"2025-01-05T16:45:45","guid":{"rendered":"https:\/\/247stiri.ro\/index.php\/2025\/01\/05\/o-femeie-a-suferit-un-traumatism-al-coloanei-vertebrale-dupa-ce-a-fost-lovita-de-o-sanie-accident-grav-pe-partia-din-busteni-video\/"},"modified":"2025-01-05T16:45:45","modified_gmt":"2025-01-05T16:45:45","slug":"o-femeie-a-suferit-un-traumatism-al-coloanei-vertebrale-dupa-ce-a-fost-lovita-de-o-sanie-accident-grav-pe-partia-din-busteni-video","status":"publish","type":"post","link":"https:\/\/247stiri.ro\/index.php\/2025\/01\/05\/o-femeie-a-suferit-un-traumatism-al-coloanei-vertebrale-dupa-ce-a-fost-lovita-de-o-sanie-accident-grav-pe-partia-din-busteni-video\/","title":{"rendered":"O femeie a suferit un traumatism al coloanei vertebrale dup\u0103 ce a fost lovit\u0103 de o sanie. Accident grav pe p\u00e2rtia din Bu\u015fteni VIDEO"},"content":{"rendered":"<p>\u201eO turist\u0103 a fost izbit\u0103 de o sanie, suferind un traumatism al coloanei vertebrale \u015fi pierderea temporar\u0103 a st\u0103rii de con\u015ftien\u0163\u0103. Salvatorii montani i-au acordat primul ajutor medical \u015fi au transportat-o la cabinetul medical de la p\u00e2rtie\u201d, au anun\u0163at reprezentan\u021bii Salvamont Prahova, \u00eentr-o postare pe Facebook.<\/p>\n<p><a href=\"https:\/\/www.realitatea.net\/stiri\/actual\/tanara-de-24-de-ani-ranita-la-sanius-fata-sa-ranit-la-cap-dupa-ce-a-cazut-de-pe-sanie-in-zona-balea-lac_67758f5b421516264c518a73\" target=\"_blank\">T\u00e2n\u0103r\u0103 de 24 de ani, r\u0103nit\u0103 la s\u0103niu\u0219. Fata s-a lovit la cap dup\u0103 ce a c\u0103zut de pe sanie, \u00een zona B\u00e2lea Lac<\/a><\/p>\n<p>Av\u00e2nd \u00een vedere gravitatea cazului, salvatorii montani au solicitat interven\u0163ia unui elicopter de la Bra\u015fov, pentru ca pacienta s\u0103 ajung\u0103 \u00een cel mai scurt timp la spital, \u00een vederea acord\u0103rii \u00eengrijirilor de care avea nevoie.<\/p>\n\n<p><a href=\"https:\/\/www.realitatea.net\/stiri\/actual\/sofer-de-bmw-filmat-cand-urca-cu-masina-pe-o-partie-de-schi-din-maramures-politia-sa-sesizat-din-oficu-imagini-halucinante_67795afc1f63932c537cc6a2\" target=\"_blank\">\u0218ofer de BMW, filmat c\u00e2nd urca cu ma\u0219ina pe o p\u00e2rtie de schi din Maramure\u0219! Poli\u021bia s-a sesizat din oficu: IMAGINI halucinante<\/a><\/p>","protected":false},"excerpt":{"rendered":"<p>\u201eO turist\u0103 a fost izbit\u0103 de o sanie, suferind un traumatism al coloanei vertebrale \u015fi&hellip;<\/p>\n","protected":false},"author":0,"featured_media":21578,"comment_status":"open","ping_status":"open","sticky":false,"template":"","format":"standard","meta":{"footnotes":""},"categories":[2],"tags":[],"class_list":["post-21577","post","type-post","status-publish","format-standard","has-post-thumbnail","hentry","category-actual"],"_links":{"self":[{"href":"https:\/\/247stiri.ro\/index.php\/wp-json\/wp\/v2\/posts\/21577","targetHints":{"allow":["GET"]}}],"collection":[{"href":"https:\/\/247stiri.ro\/index.php\/wp-json\/wp\/v2\/posts"}],"about":[{"href":"https:\/\/247stiri.ro\/index.php\/wp-json\/wp\/v2\/types\/post"}],"replies":[{"embeddable":true,"href":"https:\/\/247stiri.ro\/index.php\/wp-json\/wp\/v2\/comments?post=21577"}],"version-history":[{"count":0,"href":"https:\/\/247stiri.ro\/index.php\/wp-json\/wp\/v2\/posts\/21577\/revisions"}],"wp:featuredmedia":[{"embeddable":true,"href":"https:\/\/247stiri.ro\/index.php\/wp-json\/wp\/v2\/media\/21578"}],"wp:attachment":[{"href":"https:\/\/247stiri.ro\/index.php\/wp-json\/wp\/v2\/media?parent=21577"}],"wp:term":[{"taxonomy":"category","embeddable":true,"href":"https:\/\/247stiri.ro\/index.php\/wp-json\/wp\/v2\/categories?post=21577"},{"taxonomy":"post_tag","embeddable":true,"href":"https:\/\/247stiri.ro\/index.php\/wp-json\/wp\/v2\/tags?post=21577"}],"curies":[{"name":"wp","href":"https:\/\/api.w.org\/{rel}","templated":true}]}}