{"id":21608,"date":"2025-01-05T20:45:06","date_gmt":"2025-01-05T20:45:06","guid":{"rendered":"https:\/\/247stiri.ro\/index.php\/2025\/01\/05\/ciolacu-prima-reactie-dupa-ce-crin-antonescu-a-pus-pe-pauza-candidatura-la-prezidentiale-vedem-ce-e-de-facut-pe-8-ianuarie\/"},"modified":"2025-01-05T20:45:06","modified_gmt":"2025-01-05T20:45:06","slug":"ciolacu-prima-reactie-dupa-ce-crin-antonescu-a-pus-pe-pauza-candidatura-la-prezidentiale-vedem-ce-e-de-facut-pe-8-ianuarie","status":"publish","type":"post","link":"https:\/\/247stiri.ro\/index.php\/2025\/01\/05\/ciolacu-prima-reactie-dupa-ce-crin-antonescu-a-pus-pe-pauza-candidatura-la-prezidentiale-vedem-ce-e-de-facut-pe-8-ianuarie\/","title":{"rendered":"Ciolacu, prima reac\u021bie dup\u0103 ce Crin Antonescu a pus pe pauz\u0103 candidatura la preziden\u021biale: Vedem ce e de f\u0103cut pe 8 ianuarie"},"content":{"rendered":"<p>\u201eNu am vorbit cu domnul Antonescu. Mai mult ca sigur o s\u0103 vorbesc pe data de 8 ianuarie, c\u00e2nd avem coali\u021bie \u0219i vedem ce e de f\u0103cut\u201d, a declarat Ciolacu la un post TV, la o zi dup\u0103 anun\u021bul f\u0103cut de Crin Antonescu.<\/p>\n<p>\u201eImportant e s\u0103 ne concentr\u0103m pe drumul proeuropean al Rom\u00e2niei\u201d, a ar\u0103tat premierul.<\/p>","protected":false},"excerpt":{"rendered":"<p>\u201eNu am vorbit cu domnul Antonescu. Mai mult ca sigur o s\u0103 vorbesc pe data&hellip;<\/p>\n","protected":false},"author":0,"featured_media":21609,"comment_status":"open","ping_status":"open","sticky":false,"template":"","format":"standard","meta":{"footnotes":""},"categories":[3],"tags":[],"class_list":["post-21608","post","type-post","status-publish","format-standard","has-post-thumbnail","hentry","category-politica"],"_links":{"self":[{"href":"https:\/\/247stiri.ro\/index.php\/wp-json\/wp\/v2\/posts\/21608","targetHints":{"allow":["GET"]}}],"collection":[{"href":"https:\/\/247stiri.ro\/index.php\/wp-json\/wp\/v2\/posts"}],"about":[{"href":"https:\/\/247stiri.ro\/index.php\/wp-json\/wp\/v2\/types\/post"}],"replies":[{"embeddable":true,"href":"https:\/\/247stiri.ro\/index.php\/wp-json\/wp\/v2\/comments?post=21608"}],"version-history":[{"count":0,"href":"https:\/\/247stiri.ro\/index.php\/wp-json\/wp\/v2\/posts\/21608\/revisions"}],"wp:featuredmedia":[{"embeddable":true,"href":"https:\/\/247stiri.ro\/index.php\/wp-json\/wp\/v2\/media\/21609"}],"wp:attachment":[{"href":"https:\/\/247stiri.ro\/index.php\/wp-json\/wp\/v2\/media?parent=21608"}],"wp:term":[{"taxonomy":"category","embeddable":true,"href":"https:\/\/247stiri.ro\/index.php\/wp-json\/wp\/v2\/categories?post=21608"},{"taxonomy":"post_tag","embeddable":true,"href":"https:\/\/247stiri.ro\/index.php\/wp-json\/wp\/v2\/tags?post=21608"}],"curies":[{"name":"wp","href":"https:\/\/api.w.org\/{rel}","templated":true}]}}