{"id":21620,"date":"2025-01-05T21:44:48","date_gmt":"2025-01-05T21:44:48","guid":{"rendered":"https:\/\/247stiri.ro\/index.php\/2025\/01\/05\/o-adolescenta-de-15-ani-din-judetul-alba-data-disparuta-de-familie-a-fost-gasita-in-bucuresti-ce-le-a-spus-politistilor\/"},"modified":"2025-01-05T21:44:48","modified_gmt":"2025-01-05T21:44:48","slug":"o-adolescenta-de-15-ani-din-judetul-alba-data-disparuta-de-familie-a-fost-gasita-in-bucuresti-ce-le-a-spus-politistilor","status":"publish","type":"post","link":"https:\/\/247stiri.ro\/index.php\/2025\/01\/05\/o-adolescenta-de-15-ani-din-judetul-alba-data-disparuta-de-familie-a-fost-gasita-in-bucuresti-ce-le-a-spus-politistilor\/","title":{"rendered":"O adolescent\u0103 de 15 ani, din jude\u021bul Alba, dat\u0103 disp\u0103rut\u0103 de familie, a fost g\u0103sit\u0103 \u00een Bucure\u015fti. Ce le-a spus poli\u021bi\u0219tilor"},"content":{"rendered":"<p>Dispari\u0163ia fetei, a c\u0103rei familie tr\u0103ie\u015fte \u00een localitatea Oiejdea, jude\u0163ul Alba, a fost anun\u0163at\u0103 de c\u0103tre tat\u0103l acesteia, un b\u0103rbat \u00een v\u00e2rst\u0103 63 de ani, \u00een seara zilei de 3 ianuarie. B\u0103rbatul le-a spus poli\u0163i\u015ftilor c\u0103, \u00een seara aceleia\u015fi zile fiica sa \u00een v\u00e2rst\u0103 de 15 de ani a plecat de acas\u0103 \u015fi nu a mai revenit.<\/p>\n<p>B\u0103rbatul a relatat c\u0103 adolescenta purta fust\u0103, vest\u0103, o e\u015farf\u0103 \u015fi sandale la momentul c\u00e2nd a plecat de acas\u0103.<\/p>\n<p>Poli\u0163ia Alba a dat-o \u00een urm\u0103rire pe fat\u0103, adolescenta fiind g\u0103sit\u0103 \u00een Bucure\u015fti, au transmis, duminic\u0103, oficialii Poli\u0163iei.<\/p>\n<p>Fata le-a spus \u00eens\u0103 poli\u0163i\u015ftilor c\u0103 nu vrea s\u0103 se \u00eentoarc\u0103 la familia ei.<\/p>\n<p>\u201eMinora a fost identificat\u0103 pe raza municipiului Bucure\u015fti. Din primele date, a reie\u015fit c\u0103 nu a fost victima vreunei infrac\u0163iuni. Aceasta nu dore\u015fte s\u0103 revin\u0103 la domiciliu. Au fost \u00een\u015ftiin\u0163a\u0163i reprezentan\u0163ii Direc\u0163iei Generale de Asisten\u0163\u0103 Social\u0103 \u015fi Protec\u0163ia Copilului din municipiul Bucure\u015fti, \u00een vederea clarific\u0103rii tuturor aspectelor legate de acest caz\u201d, au informat reprezentan\u0163ii Poli\u0163iei Alba.<\/p>","protected":false},"excerpt":{"rendered":"<p>Dispari\u0163ia fetei, a c\u0103rei familie tr\u0103ie\u015fte \u00een localitatea Oiejdea, jude\u0163ul Alba, a fost anun\u0163at\u0103 de&hellip;<\/p>\n","protected":false},"author":0,"featured_media":21621,"comment_status":"open","ping_status":"open","sticky":false,"template":"","format":"standard","meta":{"footnotes":""},"categories":[2],"tags":[],"class_list":["post-21620","post","type-post","status-publish","format-standard","has-post-thumbnail","hentry","category-actual"],"_links":{"self":[{"href":"https:\/\/247stiri.ro\/index.php\/wp-json\/wp\/v2\/posts\/21620","targetHints":{"allow":["GET"]}}],"collection":[{"href":"https:\/\/247stiri.ro\/index.php\/wp-json\/wp\/v2\/posts"}],"about":[{"href":"https:\/\/247stiri.ro\/index.php\/wp-json\/wp\/v2\/types\/post"}],"replies":[{"embeddable":true,"href":"https:\/\/247stiri.ro\/index.php\/wp-json\/wp\/v2\/comments?post=21620"}],"version-history":[{"count":0,"href":"https:\/\/247stiri.ro\/index.php\/wp-json\/wp\/v2\/posts\/21620\/revisions"}],"wp:featuredmedia":[{"embeddable":true,"href":"https:\/\/247stiri.ro\/index.php\/wp-json\/wp\/v2\/media\/21621"}],"wp:attachment":[{"href":"https:\/\/247stiri.ro\/index.php\/wp-json\/wp\/v2\/media?parent=21620"}],"wp:term":[{"taxonomy":"category","embeddable":true,"href":"https:\/\/247stiri.ro\/index.php\/wp-json\/wp\/v2\/categories?post=21620"},{"taxonomy":"post_tag","embeddable":true,"href":"https:\/\/247stiri.ro\/index.php\/wp-json\/wp\/v2\/tags?post=21620"}],"curies":[{"name":"wp","href":"https:\/\/api.w.org\/{rel}","templated":true}]}}