{"id":2167,"date":"2024-10-26T19:44:48","date_gmt":"2024-10-26T19:44:48","guid":{"rendered":"https:\/\/247stiri.ro\/index.php\/2024\/10\/26\/tragedie-fara-margini-fetita-de-7-ani-ucisa-cu-mai-multe-lovituri-de-cutit-de-sora-sa-in-varsta-de-13-ani\/"},"modified":"2024-10-26T19:44:48","modified_gmt":"2024-10-26T19:44:48","slug":"tragedie-fara-margini-fetita-de-7-ani-ucisa-cu-mai-multe-lovituri-de-cutit-de-sora-sa-in-varsta-de-13-ani","status":"publish","type":"post","link":"https:\/\/247stiri.ro\/index.php\/2024\/10\/26\/tragedie-fara-margini-fetita-de-7-ani-ucisa-cu-mai-multe-lovituri-de-cutit-de-sora-sa-in-varsta-de-13-ani\/","title":{"rendered":"Tragedie f\u0103r\u0103 margini. Feti\u021b\u0103 de 7 ani, ucis\u0103 cu mai multe lovituri de cu\u021bit de sora sa \u00een v\u00e2rst\u0103 de 13 ani"},"content":{"rendered":"<p>O purt\u0103toare de cuv\u00e2nt poli\u021biei locale a men\u021bionat c\u0103 arma cu care copila ar fi fost ucis\u0103 a fost confiscat\u0103 \u0219i c\u0103 pe aceasta au fost descoperite urme de s\u00e2nge, dar nu au fost oferite detalii suplimentare despre aceasta.<\/p>\n<p>Conform datelor din anchet\u0103, adolescenta de 13 ani a apelat vineri sear\u0103, 25 octombrie, serviciile de urgen\u021b\u0103 dintr-un bloc de apartamente din cartierul Kleinzschocher, anun\u021b\u00e2nd c\u0103 sora ei a fost \u00eenjunghiat\u0103. Poli\u021bia s-a deplasat de urgen\u021b\u0103 la fa\u021ba locului \u0219i a g\u0103sit-o pe feti\u021ba de 7 ani grav r\u0103nit\u0103. Aceasta a fost transportat\u0103 la spital, unde a decedat ulterior.<\/p>\n<p>Conform autorit\u0103\u021bilor, adolescenta de 13 ani beneficiaz\u0103 \u00een prezent de asisten\u021b\u0103 psihologic\u0103 \u00eentr-o clinic\u0103 specializat\u0103.<\/p>\n<p>&#8222;P\u0103rin\u021bii nu erau acas\u0103 \u00een momentul incidentului, dar au fost informa\u021bi \u00een aceea\u0219i sear\u0103&#8221;, a declarat purt\u0103torul de cuv\u00e2nt al poli\u021biei, ad\u0103ug\u00e2nd c\u0103 la discu\u021bie a participat o echip\u0103 de interven\u021bie la criz\u0103.<\/p>\n<p>Poli\u021bi\u0219tii \u0219i procurorii au demarat o investiga\u021bie pentru a stabili circumstan\u021bele precise \u00een care a avut loc incidentul.<\/p>\n<p>Autorit\u0103\u021bile au anun\u021bat c\u0103 va fi realizat\u0103 o autopsie a corpului, \u00eens\u0103 nu au oferit detalii despre momentul \u00een care aceasta va avea loc sau c\u00e2nd vor fi f\u0103cute publice rezultatele.<\/p>","protected":false},"excerpt":{"rendered":"<p>O purt\u0103toare de cuv\u00e2nt poli\u021biei locale a men\u021bionat c\u0103 arma cu care copila ar fi&hellip;<\/p>\n","protected":false},"author":0,"featured_media":2162,"comment_status":"open","ping_status":"open","sticky":false,"template":"","format":"standard","meta":{"footnotes":""},"categories":[2],"tags":[],"class_list":["post-2167","post","type-post","status-publish","format-standard","has-post-thumbnail","hentry","category-actual"],"_links":{"self":[{"href":"https:\/\/247stiri.ro\/index.php\/wp-json\/wp\/v2\/posts\/2167","targetHints":{"allow":["GET"]}}],"collection":[{"href":"https:\/\/247stiri.ro\/index.php\/wp-json\/wp\/v2\/posts"}],"about":[{"href":"https:\/\/247stiri.ro\/index.php\/wp-json\/wp\/v2\/types\/post"}],"replies":[{"embeddable":true,"href":"https:\/\/247stiri.ro\/index.php\/wp-json\/wp\/v2\/comments?post=2167"}],"version-history":[{"count":0,"href":"https:\/\/247stiri.ro\/index.php\/wp-json\/wp\/v2\/posts\/2167\/revisions"}],"wp:featuredmedia":[{"embeddable":true,"href":"https:\/\/247stiri.ro\/index.php\/wp-json\/wp\/v2\/media\/2162"}],"wp:attachment":[{"href":"https:\/\/247stiri.ro\/index.php\/wp-json\/wp\/v2\/media?parent=2167"}],"wp:term":[{"taxonomy":"category","embeddable":true,"href":"https:\/\/247stiri.ro\/index.php\/wp-json\/wp\/v2\/categories?post=2167"},{"taxonomy":"post_tag","embeddable":true,"href":"https:\/\/247stiri.ro\/index.php\/wp-json\/wp\/v2\/tags?post=2167"}],"curies":[{"name":"wp","href":"https:\/\/api.w.org\/{rel}","templated":true}]}}