{"id":2168,"date":"2024-10-26T19:44:48","date_gmt":"2024-10-26T19:44:48","guid":{"rendered":"https:\/\/247stiri.ro\/index.php\/2024\/10\/26\/florin-roman-atac-la-caciu-se-pricepe-la-politici-si-politica-la-fel-de-mult-ca-ciolacu-la-limba-engleza\/"},"modified":"2024-10-26T19:44:48","modified_gmt":"2024-10-26T19:44:48","slug":"florin-roman-atac-la-caciu-se-pricepe-la-politici-si-politica-la-fel-de-mult-ca-ciolacu-la-limba-engleza","status":"publish","type":"post","link":"https:\/\/247stiri.ro\/index.php\/2024\/10\/26\/florin-roman-atac-la-caciu-se-pricepe-la-politici-si-politica-la-fel-de-mult-ca-ciolacu-la-limba-engleza\/","title":{"rendered":"Florin Roman, atac la C\u00e2ciu: \u201eSe pricepe la politici \u0219i politic\u0103 la fel de mult ca Ciolacu la limba englez\u0103\u201d"},"content":{"rendered":"<p>\u00cen loc s\u0103 dea din m\u00e2ini despre Bucure\u015fti \u015fi urbanism, domnul C\u00e2ciu mai bine s-ar ocupa de ministerul pe care s-a pus praful de un an jumate de c\u00e2nd \u00eel conduce. S\u0103 se apuce s\u0103-\u015fi caute gradul de absorb\u0163ie, cu lupa, dac\u0103 altfel nu-l g\u0103se\u015fte, \u015fi s\u0103 explice de ce nu se vede nimic \u00een mandatul dumnealui\u201d, a scris Florin Roman pe Facebook.<\/p>\n<p>Liberalul arat\u0103 c\u0103 \u201dpe Adrian C\u00e2ciu \u00eel dep\u0103\u015fesc p\u00e2n\u0103 \u015fi subiectele care \u0163in de ministerul lui, dar scap\u0103 pe Facebook s\u0103-\u015fi dea cu p\u0103rerea despre nave spa\u0163iale\u201d.<\/p>\n<p>\u201dScap\u0103 el sau \u00eei scriu al\u0163ii, pentru ca domnul C\u00e2ciu se pricepe la politici \u015fi politic\u0103 la fel de mult cum se pricepe Marcel Ciolacu la limba englez\u0103\u201d, mai spune deputatul Florin Roman.<\/p>\n<p>Ministrul social-democrat al fondurilor europene Adrian C\u00e2ciu a ironizat planul pentru Bucure\u015fti prezentat s\u00e2mb\u0103t\u0103 de candidatul PNL la Pre\u015fedin\u0163ie Nicolae ciuc\u0103 \u00een prezen\u0163a primarului Capitalei Nicu\u015for Dan.<\/p>","protected":false},"excerpt":{"rendered":"<p>\u00cen loc s\u0103 dea din m\u00e2ini despre Bucure\u015fti \u015fi urbanism, domnul C\u00e2ciu mai bine s-ar&hellip;<\/p>\n","protected":false},"author":0,"featured_media":2164,"comment_status":"open","ping_status":"open","sticky":false,"template":"","format":"standard","meta":{"footnotes":""},"categories":[2],"tags":[],"class_list":["post-2168","post","type-post","status-publish","format-standard","has-post-thumbnail","hentry","category-actual"],"_links":{"self":[{"href":"https:\/\/247stiri.ro\/index.php\/wp-json\/wp\/v2\/posts\/2168","targetHints":{"allow":["GET"]}}],"collection":[{"href":"https:\/\/247stiri.ro\/index.php\/wp-json\/wp\/v2\/posts"}],"about":[{"href":"https:\/\/247stiri.ro\/index.php\/wp-json\/wp\/v2\/types\/post"}],"replies":[{"embeddable":true,"href":"https:\/\/247stiri.ro\/index.php\/wp-json\/wp\/v2\/comments?post=2168"}],"version-history":[{"count":0,"href":"https:\/\/247stiri.ro\/index.php\/wp-json\/wp\/v2\/posts\/2168\/revisions"}],"wp:featuredmedia":[{"embeddable":true,"href":"https:\/\/247stiri.ro\/index.php\/wp-json\/wp\/v2\/media\/2164"}],"wp:attachment":[{"href":"https:\/\/247stiri.ro\/index.php\/wp-json\/wp\/v2\/media?parent=2168"}],"wp:term":[{"taxonomy":"category","embeddable":true,"href":"https:\/\/247stiri.ro\/index.php\/wp-json\/wp\/v2\/categories?post=2168"},{"taxonomy":"post_tag","embeddable":true,"href":"https:\/\/247stiri.ro\/index.php\/wp-json\/wp\/v2\/tags?post=2168"}],"curies":[{"name":"wp","href":"https:\/\/api.w.org\/{rel}","templated":true}]}}