{"id":2169,"date":"2024-10-26T19:44:48","date_gmt":"2024-10-26T19:44:48","guid":{"rendered":"https:\/\/247stiri.ro\/index.php\/2024\/10\/26\/ora-de-iarna-2024-de-ce-dam-ceasurile-inapoi-in-aceasta-noapte-cand-a-intrat-in-vigoare-pentru-prima-oara-acest-sistem\/"},"modified":"2024-10-26T19:44:48","modified_gmt":"2024-10-26T19:44:48","slug":"ora-de-iarna-2024-de-ce-dam-ceasurile-inapoi-in-aceasta-noapte-cand-a-intrat-in-vigoare-pentru-prima-oara-acest-sistem","status":"publish","type":"post","link":"https:\/\/247stiri.ro\/index.php\/2024\/10\/26\/ora-de-iarna-2024-de-ce-dam-ceasurile-inapoi-in-aceasta-noapte-cand-a-intrat-in-vigoare-pentru-prima-oara-acest-sistem\/","title":{"rendered":"Ora de iarn\u0103 2024. De ce d\u0103m ceasurile \u00eenapoi \u00een aceast\u0103 noapte. C\u00e2nd a intrat \u00een vigoare pentru prima oar\u0103 acest sistem"},"content":{"rendered":"<p>Ora se schimb\u0103 de dou\u0103 ori pe an \u00een Rom\u00e2nia \u2013 \u00een lunile martie \u0219i octombrie. Acum, schimbarea va fi \u00een noaptea de 26 spre 27 octombrie 2024.<\/p>\n<p>\u00a0<\/p>\n<p>Urm\u0103toarea schimbare de or\u0103, trecerea la Ora de var\u0103, va fi \u00een noaptea de 29 \u2013 30 martie 2025.<\/p>\n<p>Sistemul orei de var\u0103 \u015fi al celei de iarn\u0103 presupune o \u201eajustare\u201d cu o or\u0103 a ceasurilor \u00een fiecare prim\u0103var\u0103 \u015fi toamn\u0103, pentru a beneficia de lumina natural\u0103. La ora de var\u0103, ceasul se d\u0103 \u00eenainte cu o or\u0103 (ora 3.00 devine ora 4.00), \u00een timp ce la ora de iarn\u0103 ceasurile se dau \u00eenapoi cu o or\u0103, iar ora 4.00 devine ora 3.00. C\u00e2\u0219tig\u0103m, teoretic, o or\u0103 de somn.<\/p>\n<p>\u00cen noaptea de 26 spre 27 octombrie, Rom\u00e2nia revine de la ora de var\u0103, care se aplic\u0103 din ultima duminic\u0103 a lunii martie, la ora Europei de Est (sau Timpul Legal Rom\u00e2n). I se mai spune \u0219i Ora Europei Orientale.<\/p>\n<p>\u00a0<\/p>\n<p>Ora de iarn\u0103 este considerat\u0103 ora standard, ora natural\u0103, \u0219i tocmai de aceea se nume\u0219te Timp Legal Roman.<\/p>\n<p>Unul dintre primele lucruri \u201epalpabile\u201d dup\u0103 schimbarea orei se vede \u00een c\u0103l\u0103toriile cu trenul. Trenurile care sunt \u00een mers vor opri \u00een sta\u0163iile din parcurs stabilite, unde vor sta\u0163iona p\u00e2n\u0103 la ora de plecare din orarul \u00een vigoare dup\u0103 noua or\u0103 a Europei Orientale. Trenurile care mai au de parcurs o distan\u0163\u0103 scurt\u0103 p\u00e2n\u0103 la sta\u0163ia final\u0103 \u00ee\u015fi continu\u0103 drumul.<\/p>\n<p>C\u00e2nd s-a trecut, pentru prima dat\u0103, la ora de iarn\u0103<\/p>\n<p>Modificarea orei este o chestiune veche de peste nou\u0103 decenii. 1932 este primul an \u00een care s-a schimbat ora la noi, iar cele dou\u0103 date au fost \u00een acel an 2 aprilie, respectiv 1 octombrie. Practica schimb\u0103rii orei a fost oprit\u0103 la 1941 \u0219i reluat\u0103 38 de ani mai t\u00e2rziu, adic\u0103 la 1979. Timp de 18 ani, ora se schimba \u00een toamn\u0103 cu o lun\u0103 mai repede, adic\u0103 la final de septembrie. Din 1997, Ora de iarn\u0103 intr\u0103 \u00een vigoare \u00een ultimele zile de octombrie.<\/p>\n<p>\u00a0Cea mai timpurie trecere la Ora de iarn\u0103: 23 septembrie, \u00een anii 1989 \u0219i 1995Cea mai t\u00e2rzie trecere la Ora de Iarn\u0103: 2 noiembrie, \u00een 1940Cea mai timpurie trecere la Ora de var\u0103: 20 martie, \u00een 1986Cea mai t\u00e2rzie trecere la Ora de Var\u0103: 27 mai, 1979De ce nu a renun\u021bat Rom\u00e2nia la schimbarea orei<\/p>\n<p>Nu trebuie c\u0103zut \u00een capcana unor \u0219tiri de genul: \u201eS-a decis renun\u021barea la schimbarea orei\u201d, fiindc\u0103 acest lucru nu se va \u00eent\u00e2mpla prea cur\u00e2nd. Motivul? Nu exist\u0103 consens politic la nivelul UE. Trecerea de la ora de iarn\u0103 la ora de var\u0103 a fost intens dezb\u0103tut\u0103 \u00een ultimii ani, Parlamentul European recomand\u00e2nd renun\u021barea la schimbarea sezonier\u0103 a orei, \u00eencep\u00e2nd cu 2021.<\/p>\n<p>Statele membre ale Uniunii Europene trebuiau s\u0103 notifice p\u00e2n\u0103 \u00een 2021 dac\u0103 vor s\u0103 aplice \u00een mod permanent ora de var\u0103 sau ora de iarn\u0103. Deocamdat\u0103 \u00eens\u0103, discu\u021bia r\u0103m\u00e2ne \u00een aer \u0219i nu s-a ajuns la consens, a\u0219a c\u0103 nu se \u00eentrevede o schimbare a sistemului prea cur\u00e2nd.<\/p>\n<p>Cum s-a ajuns la propunerea de renun\u021bare la schimbarea orei? Ca r\u0103spuns la c\u00e2teva ini\u021biative cet\u0103\u021bene\u0219ti, \u00een februarie 2018, Parlamentul a cerut Comisiei s\u0103 evalueze directiva privind schimbarea sezonier\u0103 a orei \u0219i s\u0103 fac\u0103 propuneri de modificare a acesteia dac\u0103 este cazul. \u00cen urma acestei evalu\u0103ri, care a str\u00e2ns 4.6 milioane de r\u0103spunsuri, dintre care 84% s-au pronun\u021bat \u00een favoarea renun\u021b\u0103rii la schimb\u0103rile orare, Comisia a f\u0103cut propunerea.<\/p>\n<p>Comisia European\u0103 a explicat c\u0103 m\u0103surile UE referitoare la ora de var\u0103 impun schimbarea orei de dou\u0103 ori pe an pentru a se \u021bine seama de evolu\u021bia tiparelor de lumin\u0103 natural\u0103 \u0219i pentru a se profita la maximum de lumina zilei disponibil\u0103 \u00eentr-o anumit\u0103 perioad\u0103 de timp.<\/p>\n<p>\u00a0<\/p>\n<p>\u00cen cadrul sondajului, 78% dintre responden\u021bii din Rom\u00e2nia au optat pentru renun\u021barea la schimbarea orei.<\/p>\n<p>At\u00e2t Consiliul European, c\u00e2t \u0219i Parlamentul European trebuiau s\u0103 ajung\u0103 la un acord pentru a adopta legisla\u021bia necesar\u0103 renun\u021b\u0103rii la schimbarea sezonier\u0103 a orei, dar acest lucru nu s-a \u00eent\u00e2mplat.<\/p>\n<p>O istorie a schimb\u0103rii orei \u00een lume<\/p>\n<p>\u00cen lume, aproximativ o treime dintre \u021b\u0103ri schimb\u0103 ora de dou\u0103 ori pe an, iar cele mai multe sunt din Europa, arat\u0103\u00a0<a href=\"https:\/\/www.pewresearch.org\/short-reads\/2023\/10\/26\/most-countries-dont-observe-daylight-saving-time\/\" target=\"_blank\" rel=\"noopener\">o analiz\u0103 Pew Research<\/a>. Doar \u0219apte \u021b\u0103ri europene nu practic\u0103 schimbarea orei de dou\u0103 ori pe an: Armenia, Azerbaijan, Belarus, Georgia, Islanda, Rusia \u0219i Turcia. Interesant este c\u0103 unele \u021b\u0103ri foarte \u00eentinse practic\u0103 schimb\u0103rile acestea \u00een doar c\u00e2teva zone de pe teritoriul lor (Australia, Brazilia).<\/p>\n<p>Introducerea sistemului de schimbare a orei, cunoscut \u0219i sub numele de Daylight Saving Time (DST), a fost ini\u021bial o m\u0103sur\u0103 de economisire a energiei. Ideea ajust\u0103rii ceasurilor pentru a maximiza utilizarea luminii naturale a ap\u0103rut, pentru prima dat\u0103, \u00een timpul Primului R\u0103zboi Mondial, c\u00e2nd \u021b\u0103rile europene au c\u0103utat metode eficiente de a reduce consumul de combustibil \u0219i electricitate.<\/p>\n<p>Germania a fost prima care a adoptat acest sistem \u00een 1916, urmat\u0103 de alte na\u021biuni, inclusiv de c\u0103tre Rom\u00e2nia.<\/p>\n<p>Dup\u0103 nem\u021bi au urmat britanicii, care au introdus ora de var\u0103 tot \u00een 1916 (\u00eentre 21 mai \u015fi 16 octombrie). Alte \u0163\u0103ri care au introdus ora de vara au fost: Belgia, Danemarca, Fran\u0163a, Italia, Luxemburg, Olanda, Norvegia, Portugalia, Suedia, Turcia \u015fi Tasmania. Pe 19 martie 1918 a fost introdus\u0103 \u015fi \u00een Statele Unite ale Americii, dar a fost folosit\u0103 doar p\u00e2n\u0103 \u00een 1919.<\/p>\n<p>\u021a\u0103rile europene practic\u0103 din anul 1980 acest sistem de schimbare sezonier\u0103 a orei.<\/p>","protected":false},"excerpt":{"rendered":"<p>Ora se schimb\u0103 de dou\u0103 ori pe an \u00een Rom\u00e2nia \u2013 \u00een lunile martie \u0219i&hellip;<\/p>\n","protected":false},"author":0,"featured_media":2160,"comment_status":"open","ping_status":"open","sticky":false,"template":"","format":"standard","meta":{"footnotes":""},"categories":[2],"tags":[],"class_list":["post-2169","post","type-post","status-publish","format-standard","has-post-thumbnail","hentry","category-actual"],"_links":{"self":[{"href":"https:\/\/247stiri.ro\/index.php\/wp-json\/wp\/v2\/posts\/2169","targetHints":{"allow":["GET"]}}],"collection":[{"href":"https:\/\/247stiri.ro\/index.php\/wp-json\/wp\/v2\/posts"}],"about":[{"href":"https:\/\/247stiri.ro\/index.php\/wp-json\/wp\/v2\/types\/post"}],"replies":[{"embeddable":true,"href":"https:\/\/247stiri.ro\/index.php\/wp-json\/wp\/v2\/comments?post=2169"}],"version-history":[{"count":0,"href":"https:\/\/247stiri.ro\/index.php\/wp-json\/wp\/v2\/posts\/2169\/revisions"}],"wp:featuredmedia":[{"embeddable":true,"href":"https:\/\/247stiri.ro\/index.php\/wp-json\/wp\/v2\/media\/2160"}],"wp:attachment":[{"href":"https:\/\/247stiri.ro\/index.php\/wp-json\/wp\/v2\/media?parent=2169"}],"wp:term":[{"taxonomy":"category","embeddable":true,"href":"https:\/\/247stiri.ro\/index.php\/wp-json\/wp\/v2\/categories?post=2169"},{"taxonomy":"post_tag","embeddable":true,"href":"https:\/\/247stiri.ro\/index.php\/wp-json\/wp\/v2\/tags?post=2169"}],"curies":[{"name":"wp","href":"https:\/\/api.w.org\/{rel}","templated":true}]}}