{"id":21725,"date":"2025-01-06T10:44:58","date_gmt":"2025-01-06T10:44:58","guid":{"rendered":"https:\/\/247stiri.ro\/index.php\/2025\/01\/06\/gerul-bobotezei-a-fost-inlocuit-de-temperaturi-nefiresti-in-romania-directorul-general-anm-spune-cat-dureaza-valorile-de-primavara-de-peste-13-grade-celsius\/"},"modified":"2025-01-06T10:44:58","modified_gmt":"2025-01-06T10:44:58","slug":"gerul-bobotezei-a-fost-inlocuit-de-temperaturi-nefiresti-in-romania-directorul-general-anm-spune-cat-dureaza-valorile-de-primavara-de-peste-13-grade-celsius","status":"publish","type":"post","link":"https:\/\/247stiri.ro\/index.php\/2025\/01\/06\/gerul-bobotezei-a-fost-inlocuit-de-temperaturi-nefiresti-in-romania-directorul-general-anm-spune-cat-dureaza-valorile-de-primavara-de-peste-13-grade-celsius\/","title":{"rendered":"Gerul Bobotezei a fost \u00eenlocuit de temperaturi nefire\u0219ti \u00een Rom\u00e2nia. Directorul general ANM spune c\u00e2t dureaz\u0103 valorile de prim\u0103var\u0103, de peste 13 grade Celsius"},"content":{"rendered":"<p>\u201e\u00cencep\u00e2nd de ast\u0103zi, o vreme \u00een \u00eenc\u0103lzire pe parcursul acestei s\u0103pt\u0103m\u00e2ni, p\u00e2n\u0103 vineri. Dac\u0103 ast\u0103zi vom consemna temperaturi de p\u00e2n\u0103 la 13-14 grade, posibil \u00een partea de V, S, S-V a \u021b\u0103rii, de m\u00e2ine, temperaturi de 15 grade \u0219i \u00een mijlocul s\u0103pt\u0103m\u00e2nii s\u0103 aduc\u0103 chiar valori de 17-18 grade, \u00een V \u0219i \u00een S-E. O vreme cu mai mult de 10 grade peste normalul datei din calendar. P\u00e2n\u0103 atunci, \u00eens\u0103, vorbim de o aten\u021bionare meteorologic\u0103 prelungit\u0103 \u00een aceast\u0103 diminea\u021b\u0103, p\u00e2n\u0103 miercuri diminea\u021b\u0103 la ora 10:00, pentru Mun\u021bii Apuseni \u0219i Carpa\u021bii Orientali. Acolo unde vitezele v\u00e2ntului la rafal\u0103 vor fi cuprinse \u00eentre 70-90 km\/h.\u201d, a transmis directorul ANM, Elena Mateescu.\u00a0<\/p>\n<p><a href=\"https:\/\/www.realitatea.net\/stiri\/vremea\/prognoza-meteo-6-ianuarie-maximele-sar-la-14-grade-unde-mai-ninge_677b65e5b2c8e559e7024832\" target=\"_blank\">\u00a0Pe parcursul zilei<\/a>, cerul va fi variabil, cu \u00eennor\u0103ri \u00een Maramure\u0219, Transilvania \u0219i Moldova, unde local se vor semnala ploi slabe. \u00cen zona de nord a Carpa\u021bilor Orientali, precipita\u021biile vor fi mixte. Izolat, exist\u0103 riscul form\u0103rii poleiului.<\/p>\n<p>Noaptea, cerul se va acoperi treptat \u00een regiunile de vest \u0219i sud-vest, unde pe alocuri <a href=\"https:\/\/www.realitatea.net\/stiri\/actual\/alerta-anm-urmeaza-doua-zile-de-cod-galben-de-viscol-si-polei-care-sunt-zonele-afectate_677a4b1a0b229423b01dec73\" target=\"_blank\">pot ap\u0103rea ploi slabe<\/a>, \u00een timp ce \u00een restul teritoriului cerul va r\u0103m\u00e2ne variabil. V\u00e2ntul va sufla slab p\u00e2n\u0103 la moderat, cu intensific\u0103ri temporare \u00een zonele montane.<\/p>\n<p>Astfel, \u00een perioada urm\u0103toare rom\u00e2nii vor avea parte de o vreme de prim\u0103var\u0103 cu temperaturi pozitive \u00een termometre.<\/p>","protected":false},"excerpt":{"rendered":"<p>\u201e\u00cencep\u00e2nd de ast\u0103zi, o vreme \u00een \u00eenc\u0103lzire pe parcursul acestei s\u0103pt\u0103m\u00e2ni, p\u00e2n\u0103 vineri. Dac\u0103 ast\u0103zi&hellip;<\/p>\n","protected":false},"author":0,"featured_media":21726,"comment_status":"open","ping_status":"open","sticky":false,"template":"","format":"standard","meta":{"footnotes":""},"categories":[2],"tags":[],"class_list":["post-21725","post","type-post","status-publish","format-standard","has-post-thumbnail","hentry","category-actual"],"_links":{"self":[{"href":"https:\/\/247stiri.ro\/index.php\/wp-json\/wp\/v2\/posts\/21725","targetHints":{"allow":["GET"]}}],"collection":[{"href":"https:\/\/247stiri.ro\/index.php\/wp-json\/wp\/v2\/posts"}],"about":[{"href":"https:\/\/247stiri.ro\/index.php\/wp-json\/wp\/v2\/types\/post"}],"replies":[{"embeddable":true,"href":"https:\/\/247stiri.ro\/index.php\/wp-json\/wp\/v2\/comments?post=21725"}],"version-history":[{"count":0,"href":"https:\/\/247stiri.ro\/index.php\/wp-json\/wp\/v2\/posts\/21725\/revisions"}],"wp:featuredmedia":[{"embeddable":true,"href":"https:\/\/247stiri.ro\/index.php\/wp-json\/wp\/v2\/media\/21726"}],"wp:attachment":[{"href":"https:\/\/247stiri.ro\/index.php\/wp-json\/wp\/v2\/media?parent=21725"}],"wp:term":[{"taxonomy":"category","embeddable":true,"href":"https:\/\/247stiri.ro\/index.php\/wp-json\/wp\/v2\/categories?post=21725"},{"taxonomy":"post_tag","embeddable":true,"href":"https:\/\/247stiri.ro\/index.php\/wp-json\/wp\/v2\/tags?post=21725"}],"curies":[{"name":"wp","href":"https:\/\/api.w.org\/{rel}","templated":true}]}}