{"id":21745,"date":"2025-01-06T11:46:06","date_gmt":"2025-01-06T11:46:06","guid":{"rendered":"https:\/\/247stiri.ro\/index.php\/2025\/01\/06\/noi-detalii-in-cazul-tragediei-din-fata-unei-manastiri-ce-a-cerut-tanarul-daniel-inainte-de-a-fi-injunghiat-mortal-parintii-lui-au-venit-din-franta-pentru-a-petrece-sarbatorile-de-iarna-acasa\/"},"modified":"2025-01-06T11:46:06","modified_gmt":"2025-01-06T11:46:06","slug":"noi-detalii-in-cazul-tragediei-din-fata-unei-manastiri-ce-a-cerut-tanarul-daniel-inainte-de-a-fi-injunghiat-mortal-parintii-lui-au-venit-din-franta-pentru-a-petrece-sarbatorile-de-iarna-acasa","status":"publish","type":"post","link":"https:\/\/247stiri.ro\/index.php\/2025\/01\/06\/noi-detalii-in-cazul-tragediei-din-fata-unei-manastiri-ce-a-cerut-tanarul-daniel-inainte-de-a-fi-injunghiat-mortal-parintii-lui-au-venit-din-franta-pentru-a-petrece-sarbatorile-de-iarna-acasa\/","title":{"rendered":"Noi detalii \u00een cazul tragediei din fa\u021ba unei m\u0103n\u0103stiri. Ce a cerut t\u00e2n\u0103rul Daniel \u00eenainte de a fi \u00eenjunghiat MORTAL? P\u0103rin\u021bii lui au venit din Fran\u021ba pentru a petrece s\u0103rb\u0103torile de iarn\u0103 acas\u0103"},"content":{"rendered":"<p>Ultimele cuvinte rostite de t\u00e2n\u0103r, \u201eD\u0103-mi o gur\u0103 de ap\u0103\u201d, au fost rememorate de un martor care a fost martor la tragedie. Incidentul a avut loc \u00eentr-o noapte rece, duminic\u0103, 5 ianuarie, chiar \u00een Ajunul Bobotezei, \u00een contextul unei petreceri \u00eencheiate tragic.<\/p>\n<p>\u201eDoi au strigat: adu ap\u0103, am dus. C\u00e2nd am ajuns am crezut c\u0103 au s\u0103rit \u00een p\u00e2r\u00e2u, erau doi jos. Zic: tu al cui e\u0219ti? C\u0103 era cu s\u00e2nge pe m\u00e2n\u0103. Zice: d\u0103-mi o gur\u0103 de ap\u0103\u201c, a declarat martorul \u00een cadrul unui post de \u0219tiri.<\/p>\n\n<p>\u00a0 \u00a0 Daniel a fost \u00eenjunghiat mortal \u00een timpul unei alterca\u021bii \/ Sursa foto &#8211; Facebook<\/p>\n<p>Contextul tragediei<\/p>\n<p><a href=\"https:\/\/www.realitatea.net\/stiri\/actual\/crima-in-fata-unei-manastiri-din-maramures-un-tanar-de-23-de-ani-a-fost-ucis-alti-trei-raniti-dupa-un-scandal_677a2c98dcdef6498058a102\" target=\"_blank\">Potrivit informa\u021biilor furnizate de autorit\u0103\u021bi,<\/a> Daniel petrecuse Revelionul al\u0103turi de trei prieteni, dar lucrurile au degenerat rapid \u00eentr-un conflict aprins. Pe fondul unei dispute, unul dintre tineri a scos un cu\u021bit, atac\u00e2ndu-i pe ceilal\u021bi. Daniel a fost prins la mijloc \u0219i a suferit r\u0103ni fatale. Alte trei persoane, cu v\u00e2rste cuprinse \u00eentre 20 \u0219i 22 de ani, au fost r\u0103nite \u0219i transportate de urgen\u021b\u0103 la spital, unde au fost operate.<\/p>\n<p>Inspectoratul de Poli\u021bie Jude\u021bean (IPJ) Maramure\u0219 a fost sesizat \u00een noaptea tragediei. La fa\u021ba locului, poli\u021bi\u0219tii au identificat victimele \u0219i au demarat o anchet\u0103 pentru a stabili circumstan\u021bele exacte ale incidentului. Conform autorit\u0103\u021bilor, conflictul a fost cauzat de violen\u021ba extrem\u0103 exercitat\u0103 cu ajutorul unui obiect t\u0103ietor.<\/p>\n<p>\u201eLa data de 5 ianuarie 2024, ora 01:01, poli\u021bi\u0219tii au fost sesiza\u021bi prin SNUAU 112 despre faptul c\u0103, \u00een localitatea Ieud, patru tineri ar fi suferit leziuni corporale, ca urmare a comiterii unei infrac\u021biuni cu violen\u021b\u0103. De urgen\u021b\u0103, la fa\u021ba locului s-a deplasat patrula Sec\u021biei 2 Poli\u021bie Rural\u0103 Bogdan Vod\u0103, fiind identificate victimele\u201d, se arat\u0103 \u00eentr-un comunicat al IPJ Maramure\u0219.<\/p>\n<p>Patru suspec\u021bi, cu v\u00e2rste cuprinse \u00eentre 19 \u0219i 24 de ani, au fost re\u021binu\u021bi. Doi dintre ace\u0219tia sunt acuza\u021bi de omor \u0219i tentativ\u0103 de omor calificat, \u00een timp ce ceilal\u021bi doi sunt cerceta\u021bi pentru complicitate. Suspec\u021bii au fost plasa\u021bi \u00een arest preventiv, <a href=\"https:\/\/www.realitatea.net\/stiri\/actual\/zi-de-foc-pe-partie-la-cavnic-9-turisti-accidentati-intro-singura-zi-un-caine-a-ajuns-la-veterinar-dupa-ce-a-fost-lovit-de-un-schior_6776c7b7d773ba49cf245213\" target=\"_blank\">iar ancheta continu\u0103 sub coordonarea unui procuror.<\/a><\/p>\n<p>Reac\u021bia familiei<\/p>\n<p>P\u0103rin\u021bii lui Daniel, care se \u00eentorseser\u0103 recent din Fran\u021ba pentru a petrece s\u0103rb\u0103torile al\u0103turi de el, sunt \u00eengenunchea\u021bi de durere. \u00cen loc s\u0103 s\u0103rb\u0103toreasc\u0103 reuniunea familiei, ace\u0219tia se preg\u0103tesc acum pentru funeraliile fiului lor. Daniel era cunoscut \u00een comunitate pentru talentul s\u0103u \u00een meseria de frizer, fiind un t\u00e2n\u0103r pasionat de munc\u0103 \u0219i de via\u021b\u0103.<\/p>\n<p>\u00a0Comunitatea local\u0103 este \u00een stare de \u0219oc, iar cei apropia\u021bi familiei cer dreptate pentru pierderea suferit\u0103.\u00a0<\/p>","protected":false},"excerpt":{"rendered":"<p>Ultimele cuvinte rostite de t\u00e2n\u0103r, \u201eD\u0103-mi o gur\u0103 de ap\u0103\u201d, au fost rememorate de un&hellip;<\/p>\n","protected":false},"author":0,"featured_media":21746,"comment_status":"open","ping_status":"open","sticky":false,"template":"","format":"standard","meta":{"footnotes":""},"categories":[2],"tags":[],"class_list":["post-21745","post","type-post","status-publish","format-standard","has-post-thumbnail","hentry","category-actual"],"_links":{"self":[{"href":"https:\/\/247stiri.ro\/index.php\/wp-json\/wp\/v2\/posts\/21745","targetHints":{"allow":["GET"]}}],"collection":[{"href":"https:\/\/247stiri.ro\/index.php\/wp-json\/wp\/v2\/posts"}],"about":[{"href":"https:\/\/247stiri.ro\/index.php\/wp-json\/wp\/v2\/types\/post"}],"replies":[{"embeddable":true,"href":"https:\/\/247stiri.ro\/index.php\/wp-json\/wp\/v2\/comments?post=21745"}],"version-history":[{"count":0,"href":"https:\/\/247stiri.ro\/index.php\/wp-json\/wp\/v2\/posts\/21745\/revisions"}],"wp:featuredmedia":[{"embeddable":true,"href":"https:\/\/247stiri.ro\/index.php\/wp-json\/wp\/v2\/media\/21746"}],"wp:attachment":[{"href":"https:\/\/247stiri.ro\/index.php\/wp-json\/wp\/v2\/media?parent=21745"}],"wp:term":[{"taxonomy":"category","embeddable":true,"href":"https:\/\/247stiri.ro\/index.php\/wp-json\/wp\/v2\/categories?post=21745"},{"taxonomy":"post_tag","embeddable":true,"href":"https:\/\/247stiri.ro\/index.php\/wp-json\/wp\/v2\/tags?post=21745"}],"curies":[{"name":"wp","href":"https:\/\/api.w.org\/{rel}","templated":true}]}}