{"id":21802,"date":"2025-01-06T14:45:22","date_gmt":"2025-01-06T14:45:22","guid":{"rendered":"https:\/\/247stiri.ro\/index.php\/2025\/01\/06\/novak-djokovic-a-ramas-traumatizat-dupa-incidentele-de-la-australian-open-de-acum-3-ani\/"},"modified":"2025-01-06T14:45:22","modified_gmt":"2025-01-06T14:45:22","slug":"novak-djokovic-a-ramas-traumatizat-dupa-incidentele-de-la-australian-open-de-acum-3-ani","status":"publish","type":"post","link":"https:\/\/247stiri.ro\/index.php\/2025\/01\/06\/novak-djokovic-a-ramas-traumatizat-dupa-incidentele-de-la-australian-open-de-acum-3-ani\/","title":{"rendered":"Novak Djokovic a r\u0103mas \u201etraumatizat\u201d dup\u0103 incidentele de la Australian Open de acum 3 ani"},"content":{"rendered":"<p>Lui Djokovic, care nu a fost vaccinat \u00eempotriva virusului, guvernul australian i-a anulat viza pe motive de \u201es\u0103n\u0103tate \u015fi bun\u0103 ordine\u201d.El a fost obligat s\u0103 stea la un hotel pentru imigran\u0163i timp de cinci zile \u00een timp ce f\u0103cea apel f\u0103r\u0103 succes \u00eempotriva deciziei \u015fi a fost \u00een cele din urm\u0103 for\u0163at s\u0103 p\u0103r\u0103seasc\u0103 \u0163ara, ceea ce \u00eenseamn\u0103 c\u0103 a ratat Australian Open 2022.Djokovic a revenit la Melbourne \u00een anul urm\u0103tor, cu restric\u0163iile Covid relaxate, \u015fi a c\u00e2\u015ftigat Grand Slam-ul pentru a 10-a oar\u0103, un record.<\/p>\n<p>S\u00e2rbul, \u00een v\u00e2rst\u0103 de 37 de ani, s-a \u00eentors \u00een Australia pentru a se preg\u0103ti pentru turneul din 2025, care \u00eencepe duminic\u0103.<\/p>\n<p>\u201e\u00cen ultimele dou\u0103 ori c\u00e2nd am aterizat \u00een Australia, s\u0103 trec prin controlul pa\u015fapoartelor \u015fi imigra\u0163ie &#8211; am avut o mic\u0103 traum\u0103 de acum trei ani\u201d, a declarat Djokovic pentru Herald Sun din Melbourne.\u201e\u015ei unele urme \u00eenc\u0103 r\u0103m\u00e2n acolo c\u00e2nd trec controlul pa\u015fapoartelor, doar verific\u00e2nd dac\u0103 se apropie cineva din zona de imigrare. Persoana care \u00eemi verific\u0103 pa\u015faportul &#8211; are de g\u00e2nd s\u0103 m\u0103 ia, s\u0103 m\u0103 re\u0163in\u0103 din nou sau s\u0103 m\u0103 lase s\u0103 plec? Trebuie s\u0103 recunosc c\u0103 am acest sentiment. Nu port ranchiun\u0103. Am venit imediat \u00een anul urm\u0103tor \u015fi am c\u00e2\u015ftigat. P\u0103rin\u0163ii mei \u015fi \u00eentreaga echip\u0103 au fost acolo \u015fi a fost, de fapt, una dintre cele mai emo\u0163ionante victorii pe care le-am avut vreodat\u0103, av\u00e2nd \u00een vedere tot ceea ce am trecut \u00een anul precedent\u201d, a afirmat s\u00e2rbul.Premierul victorian Jacinta Allan a declarat c\u0103 prefer\u0103 s\u0103 se concentreze pe turneul din acest an.\u201eResponsabilitatea acord\u0103rii vizelor este de competen\u0163a guvernului federal, iar aceste decizii au fost luate de guvernul federal la momentul respectiv\u201d, a declarat Allan, care a f\u0103cut parte dintr-un cabinet de criz\u0103 al guvernului care a condus r\u0103spunsul australian la Covid \u00een 2022 &#8211; dar nu a fost implicat\u0103 \u00een cazul Djokovic.<\/p>\n<p>\u201eCovid a fost greu pentru noi to\u0163i. Nu conta cine erai, de unde veneai, Covid nu f\u0103cea discrimin\u0103ri \u00een ceea ce prive\u015fte pe cine infecta, c\u00e2t de tare te \u00eemboln\u0103vea \u015fi c\u00e2t de tare \u00eei \u00eemboln\u0103vea pe ceilal\u0163i din comunitatea noastr\u0103\u201d, a precizat Allan.Premierul Australiei, Anthony Albanese, a criticat modul \u00een care guvernul precedent a gestionat situa\u0163ia, \u00een special decizia de a-i refuza lui Djokovic accesul la un preot ortodox \u00een perioada premerg\u0103toare Cr\u0103ciunului, care este s\u0103rb\u0103torit pe 7 ianuarie de majoritatea cre\u015ftinilor ortodoc\u015fi.\u201eAm f\u0103cut comentarii la momentul respectiv cu privire la acest lucru. Mi s-a p\u0103rut uimitor faptul c\u0103, \u00een perioada premerg\u0103toare Cr\u0103ciunului, Novak Djokovic a fost privat de c\u0103tre guvernul federal de atunci de posibilitatea de a-\u015fi vedea preotul ortodox\u201d, a declarat Albanese, care a devenit prim-ministru \u00een mai 2022.\u201eCred c\u0103 a fost ceva greu de justificat la acea vreme\u201d, a subliniat el.<\/p>","protected":false},"excerpt":{"rendered":"<p>Lui Djokovic, care nu a fost vaccinat \u00eempotriva virusului, guvernul australian i-a anulat viza pe&hellip;<\/p>\n","protected":false},"author":0,"featured_media":21789,"comment_status":"open","ping_status":"open","sticky":false,"template":"","format":"standard","meta":{"footnotes":""},"categories":[2],"tags":[],"class_list":["post-21802","post","type-post","status-publish","format-standard","has-post-thumbnail","hentry","category-actual"],"_links":{"self":[{"href":"https:\/\/247stiri.ro\/index.php\/wp-json\/wp\/v2\/posts\/21802","targetHints":{"allow":["GET"]}}],"collection":[{"href":"https:\/\/247stiri.ro\/index.php\/wp-json\/wp\/v2\/posts"}],"about":[{"href":"https:\/\/247stiri.ro\/index.php\/wp-json\/wp\/v2\/types\/post"}],"replies":[{"embeddable":true,"href":"https:\/\/247stiri.ro\/index.php\/wp-json\/wp\/v2\/comments?post=21802"}],"version-history":[{"count":0,"href":"https:\/\/247stiri.ro\/index.php\/wp-json\/wp\/v2\/posts\/21802\/revisions"}],"wp:featuredmedia":[{"embeddable":true,"href":"https:\/\/247stiri.ro\/index.php\/wp-json\/wp\/v2\/media\/21789"}],"wp:attachment":[{"href":"https:\/\/247stiri.ro\/index.php\/wp-json\/wp\/v2\/media?parent=21802"}],"wp:term":[{"taxonomy":"category","embeddable":true,"href":"https:\/\/247stiri.ro\/index.php\/wp-json\/wp\/v2\/categories?post=21802"},{"taxonomy":"post_tag","embeddable":true,"href":"https:\/\/247stiri.ro\/index.php\/wp-json\/wp\/v2\/tags?post=21802"}],"curies":[{"name":"wp","href":"https:\/\/api.w.org\/{rel}","templated":true}]}}