{"id":21803,"date":"2025-01-06T14:45:22","date_gmt":"2025-01-06T14:45:22","guid":{"rendered":"https:\/\/247stiri.ro\/index.php\/2025\/01\/06\/grav-accident-rutier-in-tulcea-o-tanara-de-19-ani-a-pierdut-controlul-volanului-si-a-intrat-in-pom\/"},"modified":"2025-01-06T14:45:22","modified_gmt":"2025-01-06T14:45:22","slug":"grav-accident-rutier-in-tulcea-o-tanara-de-19-ani-a-pierdut-controlul-volanului-si-a-intrat-in-pom","status":"publish","type":"post","link":"https:\/\/247stiri.ro\/index.php\/2025\/01\/06\/grav-accident-rutier-in-tulcea-o-tanara-de-19-ani-a-pierdut-controlul-volanului-si-a-intrat-in-pom\/","title":{"rendered":"Grav accident rutier \u00een Tulcea. O t\u00e2n\u0103r\u0103 de 19 ani a pierdut controlul volanului \u0219i a intrat \u00een pom"},"content":{"rendered":"<p>Cum s-a \u00eent\u00e2mplat incidentul<\/p>\n<p>O t\u00e2n\u0103r\u0103 de 19 ani, aflat\u0103 la volanul unui autoturism, circula dinspre Agighiol spre Tulcea. Din cauza vitezei excesive \u00eentr-o curb\u0103, \u0219oferi\u021ba a pierdut controlul vehiculului, iar ma\u0219ina a p\u0103r\u0103sit carosabilul, izbindu-se de un copac.<\/p>\n<p><a href=\"https:\/\/www.realitatea.net\/stiri\/actual\/impact-violent-intre-doua-masini-pe-un-drum-din-judetul-suceava-una-dintre-ele-sa-rasturnat-7-persoane-intre-care-2-copii-implicate_677aa4cf49e19501d8537733\" target=\"_blank\">\u00cen urma coliziunii,<\/a> at\u00e2t \u0219oferi\u021ba, c\u00e2t \u0219i dou\u0103 alte tinere aflate \u00een autoturism au fost r\u0103nite \u0219i au necesitat transportul la spital pentru \u00eengrijiri medicale.<\/p>\n<p>\u00a0Autorit\u0103\u021bile au deschis un dosar penal pentru v\u0103t\u0103mare corporal\u0103 din culp\u0103 \u0219i<a href=\"https:\/\/www.realitatea.net\/stiri\/actual\/pieton-lovit-mortal-de-o-masina-pe-dn1-trafic-ingreunat-pe-sensul-de-mers-brasov-ploiesti_67799e08d6633f3cd46a6612\" target=\"_blank\"> continu\u0103 ancheta \u00een acest caz.<\/a><\/p>","protected":false},"excerpt":{"rendered":"<p>Cum s-a \u00eent\u00e2mplat incidentul O t\u00e2n\u0103r\u0103 de 19 ani, aflat\u0103 la volanul unui autoturism, circula&hellip;<\/p>\n","protected":false},"author":0,"featured_media":21804,"comment_status":"open","ping_status":"open","sticky":false,"template":"","format":"standard","meta":{"footnotes":""},"categories":[2],"tags":[],"class_list":["post-21803","post","type-post","status-publish","format-standard","has-post-thumbnail","hentry","category-actual"],"_links":{"self":[{"href":"https:\/\/247stiri.ro\/index.php\/wp-json\/wp\/v2\/posts\/21803","targetHints":{"allow":["GET"]}}],"collection":[{"href":"https:\/\/247stiri.ro\/index.php\/wp-json\/wp\/v2\/posts"}],"about":[{"href":"https:\/\/247stiri.ro\/index.php\/wp-json\/wp\/v2\/types\/post"}],"replies":[{"embeddable":true,"href":"https:\/\/247stiri.ro\/index.php\/wp-json\/wp\/v2\/comments?post=21803"}],"version-history":[{"count":0,"href":"https:\/\/247stiri.ro\/index.php\/wp-json\/wp\/v2\/posts\/21803\/revisions"}],"wp:featuredmedia":[{"embeddable":true,"href":"https:\/\/247stiri.ro\/index.php\/wp-json\/wp\/v2\/media\/21804"}],"wp:attachment":[{"href":"https:\/\/247stiri.ro\/index.php\/wp-json\/wp\/v2\/media?parent=21803"}],"wp:term":[{"taxonomy":"category","embeddable":true,"href":"https:\/\/247stiri.ro\/index.php\/wp-json\/wp\/v2\/categories?post=21803"},{"taxonomy":"post_tag","embeddable":true,"href":"https:\/\/247stiri.ro\/index.php\/wp-json\/wp\/v2\/tags?post=21803"}],"curies":[{"name":"wp","href":"https:\/\/api.w.org\/{rel}","templated":true}]}}