{"id":21852,"date":"2025-01-06T17:44:46","date_gmt":"2025-01-06T17:44:46","guid":{"rendered":"https:\/\/247stiri.ro\/index.php\/2025\/01\/06\/scandal-in-poiana-brasov-doi-barbati-s-au-luat-la-bataie-politia-a-deschis-dosar-penal\/"},"modified":"2025-01-06T17:44:46","modified_gmt":"2025-01-06T17:44:46","slug":"scandal-in-poiana-brasov-doi-barbati-s-au-luat-la-bataie-politia-a-deschis-dosar-penal","status":"publish","type":"post","link":"https:\/\/247stiri.ro\/index.php\/2025\/01\/06\/scandal-in-poiana-brasov-doi-barbati-s-au-luat-la-bataie-politia-a-deschis-dosar-penal\/","title":{"rendered":"Scandal \u00een Poiana Bra\u0219ov. Doi b\u0103rba\u0163i s-au luat la b\u0103taie. Poli\u021bia a deschis dosar penal"},"content":{"rendered":"<p>Poli\u0163i\u015ftii bra\u015foveni au intervenit, luni dup\u0103-amiaz\u0103, dup\u0103 ce un conflict spontan a degenerat \u00een b\u0103taie \u00eentre do b\u0103rba\u0163i. Scandalul a izbucnit \u00een zona telegondolei din sta\u0163iunea Poiana Bra\u015fov.<\/p>\n<p>\u201dPrimele date indic\u0103 faptul c\u0103 \u00eentre cei doi b\u0103rba\u0163i, de 34, respectiv de 45 de ani, ar fi avut loc un schimb de replici divergente, urmate apoi de agresarea reciproc\u0103 a celor implica\u0163i\u201d, informeaz\u0103 oficialii Poli\u0163iei jude\u0163ene Bra\u015fov.<\/p>\n<p>Surse locale au declarat c\u0103 scandalul ar fi pornit de la faptul c\u0103, \u00een condi\u0163iile \u00een care la urcarea \u00een mijlocul de transport pe cablu era coad\u0103, un turist a \u00eencercat s\u0103 intre \u00eenaintea celorlal\u0163i.<\/p>\n<p>\u00cen urma incidentului, poli\u0163i\u015ftii au deschis un dosar penal care vizeaz\u0103 infrac\u0163iunea de lovirea sau alte violente, cercet\u0103rile fiind coordonate de un procuror din cadrul Parchetului de pe l\u00e2ng\u0103 Judec\u0103toria Bra\u015fov.<\/p>\n<p>Zeci de mii de turi\u015fti petrec zilele acestea \u00een sta\u0163iunile din jude\u0163ele Bra\u015fov \u015fi Prahova, la telecabine, telegondole \u015fi telescaune form\u00e2ndu-se cozi la care oamenii a\u015fteapt\u0103 \u015fi c\u00e2te dou\u0103 ore.<\/p>","protected":false},"excerpt":{"rendered":"<p>Poli\u0163i\u015ftii bra\u015foveni au intervenit, luni dup\u0103-amiaz\u0103, dup\u0103 ce un conflict spontan a degenerat \u00een b\u0103taie&hellip;<\/p>\n","protected":false},"author":0,"featured_media":21853,"comment_status":"open","ping_status":"open","sticky":false,"template":"","format":"standard","meta":{"footnotes":""},"categories":[2],"tags":[],"class_list":["post-21852","post","type-post","status-publish","format-standard","has-post-thumbnail","hentry","category-actual"],"_links":{"self":[{"href":"https:\/\/247stiri.ro\/index.php\/wp-json\/wp\/v2\/posts\/21852","targetHints":{"allow":["GET"]}}],"collection":[{"href":"https:\/\/247stiri.ro\/index.php\/wp-json\/wp\/v2\/posts"}],"about":[{"href":"https:\/\/247stiri.ro\/index.php\/wp-json\/wp\/v2\/types\/post"}],"replies":[{"embeddable":true,"href":"https:\/\/247stiri.ro\/index.php\/wp-json\/wp\/v2\/comments?post=21852"}],"version-history":[{"count":0,"href":"https:\/\/247stiri.ro\/index.php\/wp-json\/wp\/v2\/posts\/21852\/revisions"}],"wp:featuredmedia":[{"embeddable":true,"href":"https:\/\/247stiri.ro\/index.php\/wp-json\/wp\/v2\/media\/21853"}],"wp:attachment":[{"href":"https:\/\/247stiri.ro\/index.php\/wp-json\/wp\/v2\/media?parent=21852"}],"wp:term":[{"taxonomy":"category","embeddable":true,"href":"https:\/\/247stiri.ro\/index.php\/wp-json\/wp\/v2\/categories?post=21852"},{"taxonomy":"post_tag","embeddable":true,"href":"https:\/\/247stiri.ro\/index.php\/wp-json\/wp\/v2\/tags?post=21852"}],"curies":[{"name":"wp","href":"https:\/\/api.w.org\/{rel}","templated":true}]}}