{"id":21856,"date":"2025-01-06T17:44:46","date_gmt":"2025-01-06T17:44:46","guid":{"rendered":"https:\/\/247stiri.ro\/index.php\/2025\/01\/06\/george-simion-aur-nu-l-sustine-nici-pe-ministrul-tudorel-pereoada-si-nici-pe-nicusor-dan-pentru-cotroceni-video\/"},"modified":"2025-01-06T17:44:46","modified_gmt":"2025-01-06T17:44:46","slug":"george-simion-aur-nu-l-sustine-nici-pe-ministrul-tudorel-pereoada-si-nici-pe-nicusor-dan-pentru-cotroceni-video","status":"publish","type":"post","link":"https:\/\/247stiri.ro\/index.php\/2025\/01\/06\/george-simion-aur-nu-l-sustine-nici-pe-ministrul-tudorel-pereoada-si-nici-pe-nicusor-dan-pentru-cotroceni-video\/","title":{"rendered":"George Simion: \u201eAUR nu-l sus\u021bine nici pe \u201eministrul Tudorel Pereoad\u0103\u201d \u0219i nici pe Nicu\u0219or Dan pentru Cotroceni VIDEO"},"content":{"rendered":"<p>\u201eNici ministrul Pereoad\u0103 nici Nicu\u0219or Dan nu sunt sus\u021binu\u021bi de AUR. Nu mai inventa\u021bi, nu mai \u00eencerca\u021bi s\u0103 ne dezbina\u021bi!\u201d, scrie George Simion pe Facebook.<\/p>\n<p>Liderul anun\u021b\u0103, \u00eentr-o postare pe contul de Facebook, c\u0103 \u00eei a\u0219teapt\u0103 pe rom\u00e2ni s\u0103 ias\u0103 duminic\u0103, la ora 14, la Bucure\u0219ti, la cea mai mare mi\u0219care de protest autorizat\u0103 de prim\u0103rie.\u00a0<\/p>\n<p>Totodat\u0103, Simion dezminte zvonurile potrivit c\u0103rora AUR s-ar scinda. \u201eSuntem exact unde trebuie pentru a dinamita acest sistem care ne \u021bine sclavi pe planta\u021bie\u201d, conchide liderul AUR.<\/p>","protected":false},"excerpt":{"rendered":"<p>\u201eNici ministrul Pereoad\u0103 nici Nicu\u0219or Dan nu sunt sus\u021binu\u021bi de AUR. Nu mai inventa\u021bi, nu&hellip;<\/p>\n","protected":false},"author":0,"featured_media":21848,"comment_status":"open","ping_status":"open","sticky":false,"template":"","format":"standard","meta":{"footnotes":""},"categories":[2],"tags":[],"class_list":["post-21856","post","type-post","status-publish","format-standard","has-post-thumbnail","hentry","category-actual"],"_links":{"self":[{"href":"https:\/\/247stiri.ro\/index.php\/wp-json\/wp\/v2\/posts\/21856","targetHints":{"allow":["GET"]}}],"collection":[{"href":"https:\/\/247stiri.ro\/index.php\/wp-json\/wp\/v2\/posts"}],"about":[{"href":"https:\/\/247stiri.ro\/index.php\/wp-json\/wp\/v2\/types\/post"}],"replies":[{"embeddable":true,"href":"https:\/\/247stiri.ro\/index.php\/wp-json\/wp\/v2\/comments?post=21856"}],"version-history":[{"count":0,"href":"https:\/\/247stiri.ro\/index.php\/wp-json\/wp\/v2\/posts\/21856\/revisions"}],"wp:featuredmedia":[{"embeddable":true,"href":"https:\/\/247stiri.ro\/index.php\/wp-json\/wp\/v2\/media\/21848"}],"wp:attachment":[{"href":"https:\/\/247stiri.ro\/index.php\/wp-json\/wp\/v2\/media?parent=21856"}],"wp:term":[{"taxonomy":"category","embeddable":true,"href":"https:\/\/247stiri.ro\/index.php\/wp-json\/wp\/v2\/categories?post=21856"},{"taxonomy":"post_tag","embeddable":true,"href":"https:\/\/247stiri.ro\/index.php\/wp-json\/wp\/v2\/tags?post=21856"}],"curies":[{"name":"wp","href":"https:\/\/api.w.org\/{rel}","templated":true}]}}