{"id":21866,"date":"2025-01-06T18:44:56","date_gmt":"2025-01-06T18:44:56","guid":{"rendered":"https:\/\/247stiri.ro\/index.php\/2025\/01\/06\/calin-georgescu-mesaj-in-ziua-botezului-domnului-pe-10-ianuarie-la-ora-10-va-avea-loc-marea-unire-juridica-a-poporului-nostru\/"},"modified":"2025-01-06T18:44:56","modified_gmt":"2025-01-06T18:44:56","slug":"calin-georgescu-mesaj-in-ziua-botezului-domnului-pe-10-ianuarie-la-ora-10-va-avea-loc-marea-unire-juridica-a-poporului-nostru","status":"publish","type":"post","link":"https:\/\/247stiri.ro\/index.php\/2025\/01\/06\/calin-georgescu-mesaj-in-ziua-botezului-domnului-pe-10-ianuarie-la-ora-10-va-avea-loc-marea-unire-juridica-a-poporului-nostru\/","title":{"rendered":"C\u0103lin Georgescu, mesaj \u00een ziua Botezului Domnului: \u201ePe 10 ianuarie, la ora 10, va avea loc Marea Unire Juridic\u0103 a poporului nostru\u201d"},"content":{"rendered":"<p>\u201eDragii mei, bun\u0103 seara! C\u00e2t de frumoas\u0103 \u0219i de puternic\u0103 este ast\u0103zi Rom\u00e2nia! Am \u00eencetat s\u0103 mai credem \u00een inocularea despre neputin\u021bele poporului rom\u00e2n \u0219i am \u00eenceput s\u0103 vedem cu ochii inimii, adic\u0103 s\u0103 sim\u021bim cine suntem cu adev\u0103rat. Un neam curajos, demn de ne\u00eenvins. \u00centreaga lume se uit\u0103 spre aceast\u0103 jerf\u0103 \u00een\u0103l\u021b\u0103toare a neamului nostru \u00een numele libert\u0103\u021bii.<\/p>\n<p>Fi\u021bi m\u00e2ndri c\u0103 sunte\u021bi rom\u00e2ni! Fi\u021bi recunosc\u0103tori pentru momentele care ne sunt date s\u0103 le tr\u0103im ast\u0103zi, pentru c\u0103 ast\u0103zi, noi, poporul rom\u00e2n, suntem aprecia\u021bi \u0219i respecta\u021bi \u00een \u00eentreaga lume. Neamul nostru a devenit o c\u0103l\u0103uz\u0103 \u00een con\u0219tiin\u021b\u0103 la nivel mondial, un simbol al curajului de a-\u0219i cere drepturile \u0219i libert\u0103\u021bile fundamentale, f\u0103r\u0103 compromisuri. Sigur, \u00een acest timp pe marile ml\u0103\u0219tinoase ale D\u00e2mbovi\u021bei, pe cet\u0103\u021beanul Iohannis \u0219i \u0219leahta sa politic\u0103, nu \u00eei deranjeaz\u0103 niciun procuror, pentru toate ilegalit\u0103\u021bile lor. Magistra\u021bii sunt la\u0219i? Sunt corup\u021bi? Magistra\u021bii aplic\u0103 legea doar discre\u021bionar \u0219i doar la comand\u0103 politic\u0103? Pentru o postare pe Facebook s-au dat amenzi \u0219i poli\u021bia a luat oamenii din case \u00een timpul Sfintelor S\u0103rb\u0103tori. Dar pe uzurpatorul Iohannis nu \u00eel deranjeaz\u0103 nimeni. Noi, poporul, ce-am putea crede c\u00e2nd vedem aceast\u0103 ignoran\u021b\u0103 a justi\u021biei? Ne mai \u00eentreb\u0103m de ce justi\u021bia are cea mai sc\u0103zut\u0103 cot\u0103 de \u00eencredere din ultimii 35 de ani? Eu le atrag aten\u021bia magistra\u021biilor c\u0103 a mai fost un pre\u0219edinte din Europa care a promis tot unor judec\u0103tori diverse beneficii dac\u0103 ace\u0219tia \u00eei fac jocul de murdare.<\/p>\n<p>\u00cel cheam\u0103 Nicolas Sarkozy. Fost pre\u0219edinte al Fran\u021bei \u0219i tocmai a fost condamnat pentru corup\u021bie \u0219i trafic de influen\u021b\u0103. Acum Sarkozy poart\u0103 br\u0103\u021barea infractorilor.  Dac\u0103 asta se \u00eent\u00e2mpl\u0103 \u00een Fran\u021ba, haide\u021bi s\u0103 vedem ce se va \u00eent\u00e2mpla \u00een Rom\u00e2nia cu Klaus Iohannis. Sau cu func\u021bionarii publici de la CCR care l-au confundat pe acest diavol cu Dumnezeu. Dar care, eu zic, au \u00eenc\u0103 \u0219ansa s\u0103 con\u0219tientizeze c\u0103 Dumnezeu este altul \u0219i este unul al iert\u0103rii.<\/p>\n<p>Evident, dac\u0103 \u00eel recunosc. Am v\u0103zut zile acestea cum p\u0103pu\u0219arul corup\u021biei interna\u021bionale George Soros, cel pleasl\u0103vit pentru libertate de c\u0103tre Groparul P\u0103cii Interna\u021bionale, gra\u021biatorul de familie Joe Biden, a fost proasp\u0103t decorat de acesta. Fi\u021bi siguri c\u0103 el, spre deosebire de Iohannis \u0219i \u0219teahta sa politic\u0103, \u00ee\u0219i dau seama ce tsunami se va abate asupra lor \u00een cur\u00e2nd \u0219i cum nu se vor putea salva chiar dac\u0103 se gra\u021biaz\u0103 \u0219i se decoreaz\u0103 unii pe al\u021bii.<\/p>\n<p>Iar voi aici, politicenii m\u0103run\u021bi, cu jocurile voastre ingrate \u0219i imature, nici nu ve\u021bi \u0219ti ce v-a m\u0103turat \u00een aceast\u0103 furtun\u0103 global\u0103. Totul se \u00eent\u00e2mpl\u0103 la un nivel care v\u0103 dep\u0103\u0219e\u0219te. Sunte\u021bi at\u00e2t de mici \u00eenc\u00e2t nu pute\u021bi \u00een\u021belege nimic. Nimic din ce ve\u021bi face nu va mai putea conta. Inevitabilul este inevitabil. Sunt for\u021be pe care nu le pute\u021bi opri dac\u0103 nu restabili\u021bi libert\u0103\u021bile \u0219i drepturile constitu\u021bionale. Am afirmat \u00eenc\u0103 din timpul campaniei c\u0103 sunt deja pre\u0219edinte. Sunt deja pre\u0219edintele Rom\u00e2niei. Jurnalistul Mihai Tatulici poate confirma ce am spus \u00een direct. Doar voi, relicvele politice autoctone nu a\u021bi \u00een\u021beles. Poporul \u00eens\u0103 este curajos, bun, de\u0219tept \u0219i a-n\u021beles. Poporul \u00ee\u0219i va ap\u0103ra libert\u0103\u021bile \u0219i drepturile democratice. \u00cenc\u0103 democra\u021bia participativ\u0103, cea \u00een care poporul este consultat, implicat \u0219i particip\u0103 la decizii care-i privesc bunul mers al societ\u0103\u021bii, este esen\u021ba ac\u021biunii noastre. \u0218i de altfel, baza programului meu de \u021bar\u0103, hran\u0103-ap\u0103-energie. Democra\u021bia \u00eenseamn\u0103 confruntare de idei, nu polarizare.<\/p>\n<p>\u0218efii partidelor politice ast\u0103zi polarizeaz\u0103 \u00eens\u0103 societatea. Ast\u0103zi poporul este \u00eemp\u0103r\u021bit din cauza vicleniilor politicianiste, a falselor discursuri patriotarde \u0219i a fal\u0219ilor suverani\u0219ti. Pe data de 10 ianuarie, vineri 10 ianuarie la ora 10, un grup de avoca\u021bi la fel de curajo\u0219i ca \u0219i oamenii care manifest\u0103 zilnic \u00een strad\u0103, at\u00e2t \u00een \u021bar\u0103 c\u00e2t \u0219i \u00een s\u0103in\u0103tate, vor fi prezen\u021bi la Curtea Constitu\u021bional\u0103 a Rom\u00e2niei pentru a cere acestei institu\u021bii s\u0103-\u0219i revizuiasc\u0103 de urgen\u021b\u0103 decizia care a aruncat Rom\u00e2nia \u00een haos.<\/p>\n<p>Pe 10 ianuarie, la ora 10, va avea loc Marea Unire Juridic\u0103 a poporului nostru. Semn\u0103turile noastre, cu c\u00e2t vor fi mai multe, vor scrie cu adev\u0103rat istorie, a\u0219a cum am promis, \u0219i vor restabili turul 2 a\u0219a cum este legal. Dragii mei, ave\u021bi ocazia de a v\u0103 face copiii \u0219i nepo\u021bii m\u00e2ndri c\u0103 a\u021bi luat atitudine \u00een mod demn \u0219i pa\u0219nic, c\u0103 a\u021bi plecat din fa\u021ba televizorului \u0219i a\u021bi renun\u021bat s\u0103 privi\u021bi cum o ga\u0219c\u0103 de interlopi politici v\u0103 calc\u0103 ne\u00eencetat \u00een picioare drepturile constitu\u021bionale.<\/p>\n<p>Fi\u021bi prezen\u021bi! Fi\u021bi prezen\u021bi s\u0103 semna\u021bi pentru aceast\u0103 ini\u021biativ\u0103 curajoas\u0103 a avoca\u021bilor. Al\u0103tura\u021bi-v\u0103 \u00een persoana acestui demers legal. Semna\u021bi \u0219i cere\u021bi s\u0103 vota\u021bi. Marea unire juridic\u0103 \u00eencepe cu voi. Asta \u00eenseamn\u0103 c\u0103 poporul face legea. Steagurile sus, frun\u021bile sus, inimile sus. Noi suntem poporul cu Dumnezeu \u00eenainte. V\u0103 mul\u021bumesc!\u201d, a transmis C\u0103lin Georgescu.<\/p>","protected":false},"excerpt":{"rendered":"<p>\u201eDragii mei, bun\u0103 seara! C\u00e2t de frumoas\u0103 \u0219i de puternic\u0103 este ast\u0103zi Rom\u00e2nia! Am \u00eencetat&hellip;<\/p>\n","protected":false},"author":0,"featured_media":21867,"comment_status":"open","ping_status":"open","sticky":false,"template":"","format":"standard","meta":{"footnotes":""},"categories":[2],"tags":[],"class_list":["post-21866","post","type-post","status-publish","format-standard","has-post-thumbnail","hentry","category-actual"],"_links":{"self":[{"href":"https:\/\/247stiri.ro\/index.php\/wp-json\/wp\/v2\/posts\/21866","targetHints":{"allow":["GET"]}}],"collection":[{"href":"https:\/\/247stiri.ro\/index.php\/wp-json\/wp\/v2\/posts"}],"about":[{"href":"https:\/\/247stiri.ro\/index.php\/wp-json\/wp\/v2\/types\/post"}],"replies":[{"embeddable":true,"href":"https:\/\/247stiri.ro\/index.php\/wp-json\/wp\/v2\/comments?post=21866"}],"version-history":[{"count":0,"href":"https:\/\/247stiri.ro\/index.php\/wp-json\/wp\/v2\/posts\/21866\/revisions"}],"wp:featuredmedia":[{"embeddable":true,"href":"https:\/\/247stiri.ro\/index.php\/wp-json\/wp\/v2\/media\/21867"}],"wp:attachment":[{"href":"https:\/\/247stiri.ro\/index.php\/wp-json\/wp\/v2\/media?parent=21866"}],"wp:term":[{"taxonomy":"category","embeddable":true,"href":"https:\/\/247stiri.ro\/index.php\/wp-json\/wp\/v2\/categories?post=21866"},{"taxonomy":"post_tag","embeddable":true,"href":"https:\/\/247stiri.ro\/index.php\/wp-json\/wp\/v2\/tags?post=21866"}],"curies":[{"name":"wp","href":"https:\/\/api.w.org\/{rel}","templated":true}]}}