{"id":21881,"date":"2025-01-06T19:45:12","date_gmt":"2025-01-06T19:45:12","guid":{"rendered":"https:\/\/247stiri.ro\/index.php\/2025\/01\/06\/anca-alexandrescu-romania-nu-mai-e-guvernata-haosul-este-indus-astfel-incat-oamenii-sa-devina-deznadajduiti\/"},"modified":"2025-01-06T19:45:12","modified_gmt":"2025-01-06T19:45:12","slug":"anca-alexandrescu-romania-nu-mai-e-guvernata-haosul-este-indus-astfel-incat-oamenii-sa-devina-deznadajduiti","status":"publish","type":"post","link":"https:\/\/247stiri.ro\/index.php\/2025\/01\/06\/anca-alexandrescu-romania-nu-mai-e-guvernata-haosul-este-indus-astfel-incat-oamenii-sa-devina-deznadajduiti\/","title":{"rendered":"Anca Alexandrescu: \u201eRom\u00e2nia nu mai e guvernat\u0103. Haosul este indus astfel \u00eenc\u00e2t oamenii s\u0103 devin\u0103 dezn\u0103d\u0103jdui\u021bi\u201d"},"content":{"rendered":"<p>\u201eE o form\u0103 de protest \u00eendrept\u0103\u021bit\u0103, pentru c\u0103 totul a pornit de la decizia CCR care a anulat voin\u021ba a peste 9 milioane de oameni care au mers la vot. CCR are sediul la Palatul Parlamentului, nu cred c\u0103 se poate intra acolo, e paz\u0103 acolo. Sunt am\u0103nunte de luat \u00een seam\u0103. Am ascultat mesajul lui C\u0103lin Georgescu, \u0219tiam de el. Spune mai multe lucruri acolo. Liderii politici dezbin\u0103 poporul ca s\u0103 \u00eel conduc\u0103. E stare de haos generalizat, chiar \u0219i \u00een Canada, avem alegeri \u00een Fran\u021ba, Austria, Germania, Justin Trudeau \u0219i-a dat \u0219i el demisia. Se va instaura o nou\u0103 era dup\u0103 20 ianuarie, atunci c\u00e2nd Donald Trump se instaleaz\u0103 la Casa Alb\u0103. La noi, Victor Ponta anun\u021b\u0103 c\u0103 vrea s\u0103 candideze, \u0219i Tudorel Toader vrea la Cotroceni, asta \u00een timp ce Crin Antonescu arunc\u0103 prosopul. E haos. Avem nevoie de ceva care s\u0103 ne uneasc\u0103. Sunt destui suverani\u0219ti care vor s\u0103 preia valul de la C\u0103lin Georgescu. Sper c\u0103 se vor mobiliza oamenii. \u0218i pe 12 ianuarie se mobilizeaz\u0103 lumea pentru protest, voi fi \u0219i eu acolo pentru rom\u00e2ni. Politicienii care se afl\u0103 la guvernare \u00een mod ilegal, Iohannis e pre\u0219edinte ilegitim, aproape to\u021bi sunt disp\u0103ru\u021bi. Lumea e preocupat\u0103 de ma\u0219ina pe care \u0219i-a cump\u0103rat-o David Popovici, dar nimeni nu ia atitudine \u00eempotriva lui Emmanuel Macron. S\u0103-\u0219i vad\u0103 de Fran\u021ba lui! Rom\u00e2nia nu mai e guvernat\u0103. Haosul este indus astfel \u00eenc\u00e2t oamenii s\u0103 devin\u0103 dezn\u0103d\u0103jdui\u021bi. \u00cen continuare trebuie s\u0103 relu\u0103m turul 2 alegerilor\u201d, a declarat Anca Alexandrescu \u00een emisiunea \u201e100%\u201d.<\/p>","protected":false},"excerpt":{"rendered":"<p>\u201eE o form\u0103 de protest \u00eendrept\u0103\u021bit\u0103, pentru c\u0103 totul a pornit de la decizia CCR&hellip;<\/p>\n","protected":false},"author":0,"featured_media":21879,"comment_status":"open","ping_status":"open","sticky":false,"template":"","format":"standard","meta":{"footnotes":""},"categories":[2],"tags":[],"class_list":["post-21881","post","type-post","status-publish","format-standard","has-post-thumbnail","hentry","category-actual"],"_links":{"self":[{"href":"https:\/\/247stiri.ro\/index.php\/wp-json\/wp\/v2\/posts\/21881","targetHints":{"allow":["GET"]}}],"collection":[{"href":"https:\/\/247stiri.ro\/index.php\/wp-json\/wp\/v2\/posts"}],"about":[{"href":"https:\/\/247stiri.ro\/index.php\/wp-json\/wp\/v2\/types\/post"}],"replies":[{"embeddable":true,"href":"https:\/\/247stiri.ro\/index.php\/wp-json\/wp\/v2\/comments?post=21881"}],"version-history":[{"count":0,"href":"https:\/\/247stiri.ro\/index.php\/wp-json\/wp\/v2\/posts\/21881\/revisions"}],"wp:featuredmedia":[{"embeddable":true,"href":"https:\/\/247stiri.ro\/index.php\/wp-json\/wp\/v2\/media\/21879"}],"wp:attachment":[{"href":"https:\/\/247stiri.ro\/index.php\/wp-json\/wp\/v2\/media?parent=21881"}],"wp:term":[{"taxonomy":"category","embeddable":true,"href":"https:\/\/247stiri.ro\/index.php\/wp-json\/wp\/v2\/categories?post=21881"},{"taxonomy":"post_tag","embeddable":true,"href":"https:\/\/247stiri.ro\/index.php\/wp-json\/wp\/v2\/tags?post=21881"}],"curies":[{"name":"wp","href":"https:\/\/api.w.org\/{rel}","templated":true}]}}