{"id":21896,"date":"2025-01-06T20:44:59","date_gmt":"2025-01-06T20:44:59","guid":{"rendered":"https:\/\/247stiri.ro\/index.php\/2025\/01\/06\/un-barbat-din-dambovita-a-fost-arestat-dupa-ce-a-ranit-cu-un-pistol-un-alt-barbat-cu-care-se-certa\/"},"modified":"2025-01-06T20:44:59","modified_gmt":"2025-01-06T20:44:59","slug":"un-barbat-din-dambovita-a-fost-arestat-dupa-ce-a-ranit-cu-un-pistol-un-alt-barbat-cu-care-se-certa","status":"publish","type":"post","link":"https:\/\/247stiri.ro\/index.php\/2025\/01\/06\/un-barbat-din-dambovita-a-fost-arestat-dupa-ce-a-ranit-cu-un-pistol-un-alt-barbat-cu-care-se-certa\/","title":{"rendered":"Un b\u0103rbat din D\u00e2mbovi\u021ba a fost arestat, dup\u0103 ce a r\u0103nit cu un pistol un alt b\u0103rbat cu care se certa"},"content":{"rendered":"<p>\u201dCa urmare a probatoriului administrat de c\u0103tre un procuror de la Parchetul de pe l\u00e2ng\u0103 Tribunalul D\u00e2mbovi\u0163a, \u00eempreun\u0103 cu poli\u0163i\u015ftii din cadrul Serviciului Investiga\u0163ii Criminale \u015fi cei de la Poli\u0163ia Municipiului T\u00e2rgovi\u015fte, a fost documentat\u0103 activitatea infrac\u0163ional\u0103 a unui b\u0103rbat, de 37 de ani. Acesta este cercetat \u00een cadrul unui dosar penal \u00eentocmit pentru comiterea infrac\u0163iunii de tentativ\u0103 de omor, la data de 6 ianuarie a.c., pe numele celui \u00een cauz\u0103, fiind emis un mandat de arestare preventiv\u0103 pentru 30 de zile, a transmis, luni sear\u0103, IPJ D\u00e2mbovi\u0163a.<\/p>\n<p>Sursa citat\u0103 a rpecizat c\u0103, ini\u0163ial, fa\u0163\u0103 de b\u0103rbat a fost dispus\u0103 m\u0103sura re\u0163inerii pentru 24 de ore, pe baz\u0103 de ordonan\u0163\u0103, dup\u0103 ce, \u00een aceea\u015fi zi, \u00een jurul orei 11:00, acesta, \u00een timp ce s-ar fi aflat \u00een cartierul Prepeleac, din municipiul T\u00e2rgovi\u015fte, pe fondul unui conflict spontan, prin utilizarea unui pistol, ar fi r\u0103nit un b\u0103rbat, de 37 de ani, din municipiu.<\/p>\n<p>\u201dPentru documentarea activit\u0103\u0163ii infrac\u0163ionale, cu sprijinul lupt\u0103torilor de la Serviciul de Ac\u0163iuni Speciale, au fost puse \u00een executare \u015fase mandate de perchezi\u0163ie domiciliar\u0103, trei \u00een municipiul T\u00e2rgovi\u015fte \u015fi trei \u00een ora\u015ful G\u0103e\u015fti. Activit\u0103\u0163ile desf\u0103\u015furate au beneficiat de sprijinul poli\u0163i\u015ftilor din cadrul Serviciului Arme, Explozivi \u015fi Substan\u0163e Periculoase \u015fi de la Poli\u0163ia Ora\u015fului G\u0103e\u015fti\u201d, a mai transmis sursa citat\u0103.<\/p>\n<p>Cercet\u0103rile sunt continuate de un procuror de la Parchetul de pe l\u00e2ng\u0103 Tribunalul D\u00e2mbovi\u0163a.<\/p>","protected":false},"excerpt":{"rendered":"<p>\u201dCa urmare a probatoriului administrat de c\u0103tre un procuror de la Parchetul de pe l\u00e2ng\u0103&hellip;<\/p>\n","protected":false},"author":0,"featured_media":21897,"comment_status":"open","ping_status":"open","sticky":false,"template":"","format":"standard","meta":{"footnotes":""},"categories":[2],"tags":[],"class_list":["post-21896","post","type-post","status-publish","format-standard","has-post-thumbnail","hentry","category-actual"],"_links":{"self":[{"href":"https:\/\/247stiri.ro\/index.php\/wp-json\/wp\/v2\/posts\/21896","targetHints":{"allow":["GET"]}}],"collection":[{"href":"https:\/\/247stiri.ro\/index.php\/wp-json\/wp\/v2\/posts"}],"about":[{"href":"https:\/\/247stiri.ro\/index.php\/wp-json\/wp\/v2\/types\/post"}],"replies":[{"embeddable":true,"href":"https:\/\/247stiri.ro\/index.php\/wp-json\/wp\/v2\/comments?post=21896"}],"version-history":[{"count":0,"href":"https:\/\/247stiri.ro\/index.php\/wp-json\/wp\/v2\/posts\/21896\/revisions"}],"wp:featuredmedia":[{"embeddable":true,"href":"https:\/\/247stiri.ro\/index.php\/wp-json\/wp\/v2\/media\/21897"}],"wp:attachment":[{"href":"https:\/\/247stiri.ro\/index.php\/wp-json\/wp\/v2\/media?parent=21896"}],"wp:term":[{"taxonomy":"category","embeddable":true,"href":"https:\/\/247stiri.ro\/index.php\/wp-json\/wp\/v2\/categories?post=21896"},{"taxonomy":"post_tag","embeddable":true,"href":"https:\/\/247stiri.ro\/index.php\/wp-json\/wp\/v2\/tags?post=21896"}],"curies":[{"name":"wp","href":"https:\/\/api.w.org\/{rel}","templated":true}]}}