{"id":2190,"date":"2024-10-27T05:44:47","date_gmt":"2024-10-27T05:44:47","guid":{"rendered":"https:\/\/247stiri.ro\/index.php\/2024\/10\/27\/fiica-lui-adi-minune-oficial-singura-karmen-a-semnat-actele-pentru-divort-video\/"},"modified":"2024-10-27T05:44:47","modified_gmt":"2024-10-27T05:44:47","slug":"fiica-lui-adi-minune-oficial-singura-karmen-a-semnat-actele-pentru-divort-video","status":"publish","type":"post","link":"https:\/\/247stiri.ro\/index.php\/2024\/10\/27\/fiica-lui-adi-minune-oficial-singura-karmen-a-semnat-actele-pentru-divort-video\/","title":{"rendered":"Fiica lui Adi Minune, oficial singur\u0103. Karmen a semnat actele pentru divor\u021b VIDEO"},"content":{"rendered":"<p>La o lun\u0103 de la anun\u021bul care a zguduit lumea monden\u0103, Karmen Minune \u0219i Bogdan C\u0103plescu au semnat amiabil actele de divor\u021b la notar. Tot acolo au stabilit \u0219i ce se \u00eent\u00e2mpl\u0103 cu fiica lor, Sofia, \u00een v\u00e2rst\u0103 de 5 ani.<\/p>\n<p>Se pare c\u0103 micu\u021ba va r\u0103m\u00e2ne \u00een grija mamei, iar b\u0103rbatul este obligat s\u0103 pl\u0103teasc\u0103 lunar o pensie alimentar\u0103, spun jurnali\u0219tii.Potrivit presei, Karmen Minune ar fi luat decizia de a pune punct c\u0103sniciei cu fostul angajat al Guvernului. De\u0219i, ini\u021bial se zvonea c\u0103 Bogdan de la Ploie\u0219ti ar fi \u00een spatele divor\u021bului, se pare c\u0103 motivul este altul.<\/p>\n\n<p>Karmen Minune ar fi fost presat\u0103 de fostul ei so\u021b s\u0103 renun\u021be la cariera muzical\u0103, spun jurnali\u0219tii.<\/p>\n<p>Bogdan C\u0103plescu ar fi fost extrem de gelos \u0219i i-ar fi fost team\u0103 s\u0103 o lase pe artist\u0103 singur\u0103 la evenimente.\u00a0<\/p>","protected":false},"excerpt":{"rendered":"<p>La o lun\u0103 de la anun\u021bul care a zguduit lumea monden\u0103, Karmen Minune \u0219i Bogdan&hellip;<\/p>\n","protected":false},"author":0,"featured_media":2187,"comment_status":"open","ping_status":"open","sticky":false,"template":"","format":"standard","meta":{"footnotes":""},"categories":[2],"tags":[],"class_list":["post-2190","post","type-post","status-publish","format-standard","has-post-thumbnail","hentry","category-actual"],"_links":{"self":[{"href":"https:\/\/247stiri.ro\/index.php\/wp-json\/wp\/v2\/posts\/2190","targetHints":{"allow":["GET"]}}],"collection":[{"href":"https:\/\/247stiri.ro\/index.php\/wp-json\/wp\/v2\/posts"}],"about":[{"href":"https:\/\/247stiri.ro\/index.php\/wp-json\/wp\/v2\/types\/post"}],"replies":[{"embeddable":true,"href":"https:\/\/247stiri.ro\/index.php\/wp-json\/wp\/v2\/comments?post=2190"}],"version-history":[{"count":0,"href":"https:\/\/247stiri.ro\/index.php\/wp-json\/wp\/v2\/posts\/2190\/revisions"}],"wp:featuredmedia":[{"embeddable":true,"href":"https:\/\/247stiri.ro\/index.php\/wp-json\/wp\/v2\/media\/2187"}],"wp:attachment":[{"href":"https:\/\/247stiri.ro\/index.php\/wp-json\/wp\/v2\/media?parent=2190"}],"wp:term":[{"taxonomy":"category","embeddable":true,"href":"https:\/\/247stiri.ro\/index.php\/wp-json\/wp\/v2\/categories?post=2190"},{"taxonomy":"post_tag","embeddable":true,"href":"https:\/\/247stiri.ro\/index.php\/wp-json\/wp\/v2\/tags?post=2190"}],"curies":[{"name":"wp","href":"https:\/\/api.w.org\/{rel}","templated":true}]}}