{"id":2193,"date":"2024-10-27T05:44:47","date_gmt":"2024-10-27T05:44:47","guid":{"rendered":"https:\/\/247stiri.ro\/index.php\/2024\/10\/27\/au-aparut-imaginile-cu-tanarul-de-17-ani-din-iasi-electrocutat-pe-tren-acesta-este-in-stare-grava-la-spital-video\/"},"modified":"2024-10-27T05:44:47","modified_gmt":"2024-10-27T05:44:47","slug":"au-aparut-imaginile-cu-tanarul-de-17-ani-din-iasi-electrocutat-pe-tren-acesta-este-in-stare-grava-la-spital-video","status":"publish","type":"post","link":"https:\/\/247stiri.ro\/index.php\/2024\/10\/27\/au-aparut-imaginile-cu-tanarul-de-17-ani-din-iasi-electrocutat-pe-tren-acesta-este-in-stare-grava-la-spital-video\/","title":{"rendered":"Au ap\u0103rut imaginile cu t\u00e2n\u0103rul de 17 ani din Ia\u0219i electrocutat pe tren. Acesta este \u00een stare grav\u0103 la spital VIDEO"},"content":{"rendered":"<p>B\u0103iatul se afla internat \u00een spital, cu arsuri severe pe aproape tot corpul. Aten\u021bie, v\u0103 avertiz\u0103m c\u0103 imaginile \u0219i informa\u021biile urm\u0103toare v\u0103 pot afecta emo\u021bional.\u00a0<\/p>\n<p>Pe filmare se observa cum b\u0103iatul se urc\u0103 pe vagon \u0219i este electrocutat. La venirea salvatorilor, t\u00e2n\u0103rul era \u00een stare de \u0219oc, comunica cu dificultate si avea hainele arse.<\/p>\n<p>Pompierii \u0219i medicii nu s-au putut apropia ini\u021bial de t\u00e2n\u0103r, deoarece liniile de \u00eenalt\u0103 tensiune erau \u00eenc\u0103 active. \u00cen scurt timp, angaja\u021bii CFR au oprit curentul, iar adolescentul a primit \u00eengrijiri medicale.<\/p>\n<p>B\u0103iatul ar fi vrut s\u0103 fac\u0103 flot\u0103ri pe vagon \u0219i \u00eel rugase pe prietenul care \u00eel \u00eenso\u021bea s\u0103 \u00eel filmeze, pentru ca apoi s\u0103 posteze \u00eenregistrarea pe pagina sa de socializare. Gestul l-ar putea costa via\u021ba, el afl\u00e2ndu-se acum \u00een stare extrem de grav\u0103.\u00a0<\/p>","protected":false},"excerpt":{"rendered":"<p>B\u0103iatul se afla internat \u00een spital, cu arsuri severe pe aproape tot corpul. Aten\u021bie, v\u0103&hellip;<\/p>\n","protected":false},"author":0,"featured_media":2194,"comment_status":"open","ping_status":"open","sticky":false,"template":"","format":"standard","meta":{"footnotes":""},"categories":[2],"tags":[],"class_list":["post-2193","post","type-post","status-publish","format-standard","has-post-thumbnail","hentry","category-actual"],"_links":{"self":[{"href":"https:\/\/247stiri.ro\/index.php\/wp-json\/wp\/v2\/posts\/2193","targetHints":{"allow":["GET"]}}],"collection":[{"href":"https:\/\/247stiri.ro\/index.php\/wp-json\/wp\/v2\/posts"}],"about":[{"href":"https:\/\/247stiri.ro\/index.php\/wp-json\/wp\/v2\/types\/post"}],"replies":[{"embeddable":true,"href":"https:\/\/247stiri.ro\/index.php\/wp-json\/wp\/v2\/comments?post=2193"}],"version-history":[{"count":0,"href":"https:\/\/247stiri.ro\/index.php\/wp-json\/wp\/v2\/posts\/2193\/revisions"}],"wp:featuredmedia":[{"embeddable":true,"href":"https:\/\/247stiri.ro\/index.php\/wp-json\/wp\/v2\/media\/2194"}],"wp:attachment":[{"href":"https:\/\/247stiri.ro\/index.php\/wp-json\/wp\/v2\/media?parent=2193"}],"wp:term":[{"taxonomy":"category","embeddable":true,"href":"https:\/\/247stiri.ro\/index.php\/wp-json\/wp\/v2\/categories?post=2193"},{"taxonomy":"post_tag","embeddable":true,"href":"https:\/\/247stiri.ro\/index.php\/wp-json\/wp\/v2\/tags?post=2193"}],"curies":[{"name":"wp","href":"https:\/\/api.w.org\/{rel}","templated":true}]}}