{"id":21989,"date":"2025-01-07T08:44:50","date_gmt":"2025-01-07T08:44:50","guid":{"rendered":"https:\/\/247stiri.ro\/index.php\/2025\/01\/07\/economist-semnal-de-alarma-pentru-romania-2025-se-anunta-a-fi-anul-covrigului\/"},"modified":"2025-01-07T08:44:50","modified_gmt":"2025-01-07T08:44:50","slug":"economist-semnal-de-alarma-pentru-romania-2025-se-anunta-a-fi-anul-covrigului","status":"publish","type":"post","link":"https:\/\/247stiri.ro\/index.php\/2025\/01\/07\/economist-semnal-de-alarma-pentru-romania-2025-se-anunta-a-fi-anul-covrigului\/","title":{"rendered":"Economist, semnal de alarm\u0103: Pentru Rom\u00e2nia, 2025 se anun\u021b\u0103 a fi anul covrigului\u00a0"},"content":{"rendered":"<p>\u201e2025 se anun\u021b\u0103 a fi anul covrigului. La cum arat\u0103 2025 din punct de vedere financiar, pentru mul\u021bi dintre rom\u00e2ni va fi anul \u00een care vor m\u00e2nca mai mul\u021bi covrigi ca niciodat\u0103. \u00cenghe\u021barea salariilor \u0219i a pensiilor, a aloca\u021biilor pentru copii \u0219i a celorlalte forme de sus\u021binere pentru cei vulnerabili &#8211; m\u0103suri specifice unei \u021b\u0103ri din lumea a treia, nicidecum unei economii europene &#8211; vor face ca puterea de cump\u0103rare a oamenilor s\u0103 continue s\u0103 scad\u0103 pe fondul infla\u021biei care se va men\u021bine, \u00een acest an, peste 5%\u201d, scrie Negrescu, \u00eentr-o postare pe Facebook.\u00a0<\/p>\n<p>Economistul estimeaz\u0103 c\u0103 Rom\u00e2nia va r\u0103m\u00e2ne campioan\u0103 european\u0103 la infla\u021bie, iar impactul acestui fenomen se va resim\u021bi puternic \u00een via\u021ba de zi cu zi a cet\u0103\u021benilor. Lun\u0103 de lun\u0103, pas cu pas, oamenii vor sim\u021bi cum banii nu le mai ajung \u0219i cum via\u021ba lor devine mai scump\u0103. \u0218i vor ajunge la covrigi, ca \u00een anii \u201990, mai spune acesta.<\/p>\n<p>\u201dNegrescu subliniaz\u0103 c\u0103 m\u0103surile economice deja implementate, cum ar fi plafon\u0103rile la energie, gaze \u0219i alimente de baz\u0103, s-au dovedit ineficiente \u0219i nu vor aduce \u00eembun\u0103t\u0103\u021biri semnificative pentru rom\u00e2ni.\u00a0<\/p>\n<p>Nu m\u0103 a\u0219tept ca statul s\u0103 fac\u0103 ceva pozitiv pentru a sus\u021bine puterea de cump\u0103rare. Probabil va continua plafon\u0103rile aberante la energie, gaze \u0219i alimentele de baz\u0103, m\u0103suri care \u0219i-au dovedit ineficien\u021ba. Aceste m\u0103suri denot\u0103 lipsa de viziune a autorit\u0103\u021bilor, de know-how economic\u201d, continu\u0103 Negrescu.\u00a0<\/p>\n<p>Negrescu spune c\u0103 \u00een acest context economic dificil, autorit\u0103\u021bile vor \u00eencerca s\u0103 acopere deficitul bugetar prin m\u0103suri fiscale mai dure. \u201eVor continua s\u0103 creasc\u0103 taxele. La asta s-au dovedit cei mai inventivi. Dup\u0103 reintroducerea taxei pe st\u00e2lp, o abera\u021bie economic\u0103 demn\u0103 de o \u021bar\u0103 bananier\u0103, vor urma taxe mai mari pe munc\u0103 \u0219i pe consum,\u201d a mai precizat Negrescu.<\/p>\n<p>Mai mult, economistul anticipeaz\u0103 o cre\u0219tere a TVA-ului \u0219i o schimbare a modului de impozitare a salariilor.\u00a0<\/p>\n<p>\u201eDe exemplu, de la IT-i\u0219ti statul va aduna, lunar, un plus de 30 de milioane de euro, adic\u0103 cam 300 de milioane pe an. Suma e infim\u0103 raportat\u0103 la dimensiunea deficitului bugetar record, de peste 30 de miliarde de euro. Probabil \u0219i IT-i\u0219tii, \u00een ritmul \u0103sta, vor ajunge la covrigi\u201d, mai spune acesta.<\/p>\n<p>Negrescu consider\u0103 c\u0103 economia Rom\u00e2niei va fi sufocat\u0103 de taxe \u0219i impozite. \u201e\u00centr-o economie sufocat\u0103 de taxe, de impozite, de lipsa de predictibilitate fiscal\u0103, de sc\u0103derea consumului, a investi\u021biilor \u0219i de blocajul financiar, un singur sector va dudui, probabil, \u00een 2025. Cel al produc\u021biei de covrigi\u201d, \u00eencheie Negrescu.\u00a0<\/p>\n<p>\u00a0<\/p>","protected":false},"excerpt":{"rendered":"<p>\u201e2025 se anun\u021b\u0103 a fi anul covrigului. La cum arat\u0103 2025 din punct de vedere&hellip;<\/p>\n","protected":false},"author":0,"featured_media":21990,"comment_status":"open","ping_status":"open","sticky":false,"template":"","format":"standard","meta":{"footnotes":""},"categories":[2],"tags":[],"class_list":["post-21989","post","type-post","status-publish","format-standard","has-post-thumbnail","hentry","category-actual"],"_links":{"self":[{"href":"https:\/\/247stiri.ro\/index.php\/wp-json\/wp\/v2\/posts\/21989","targetHints":{"allow":["GET"]}}],"collection":[{"href":"https:\/\/247stiri.ro\/index.php\/wp-json\/wp\/v2\/posts"}],"about":[{"href":"https:\/\/247stiri.ro\/index.php\/wp-json\/wp\/v2\/types\/post"}],"replies":[{"embeddable":true,"href":"https:\/\/247stiri.ro\/index.php\/wp-json\/wp\/v2\/comments?post=21989"}],"version-history":[{"count":0,"href":"https:\/\/247stiri.ro\/index.php\/wp-json\/wp\/v2\/posts\/21989\/revisions"}],"wp:featuredmedia":[{"embeddable":true,"href":"https:\/\/247stiri.ro\/index.php\/wp-json\/wp\/v2\/media\/21990"}],"wp:attachment":[{"href":"https:\/\/247stiri.ro\/index.php\/wp-json\/wp\/v2\/media?parent=21989"}],"wp:term":[{"taxonomy":"category","embeddable":true,"href":"https:\/\/247stiri.ro\/index.php\/wp-json\/wp\/v2\/categories?post=21989"},{"taxonomy":"post_tag","embeddable":true,"href":"https:\/\/247stiri.ro\/index.php\/wp-json\/wp\/v2\/tags?post=21989"}],"curies":[{"name":"wp","href":"https:\/\/api.w.org\/{rel}","templated":true}]}}