{"id":21998,"date":"2025-01-07T09:44:47","date_gmt":"2025-01-07T09:44:47","guid":{"rendered":"https:\/\/247stiri.ro\/index.php\/2025\/01\/07\/alegerile-prezidentiale-din-nou-in-aer-data-a-fost-amanata-iar-de-guvern-cand-sunt-asteptati-romanii-la-vot\/"},"modified":"2025-01-07T09:44:47","modified_gmt":"2025-01-07T09:44:47","slug":"alegerile-prezidentiale-din-nou-in-aer-data-a-fost-amanata-iar-de-guvern-cand-sunt-asteptati-romanii-la-vot","status":"publish","type":"post","link":"https:\/\/247stiri.ro\/index.php\/2025\/01\/07\/alegerile-prezidentiale-din-nou-in-aer-data-a-fost-amanata-iar-de-guvern-cand-sunt-asteptati-romanii-la-vot\/","title":{"rendered":"Alegerile preziden\u021biale, din nou \u00een aer: data a fost am\u00e2nat\u0103 iar de Guvern. C\u00e2nd sunt a\u0219tepta\u021bi rom\u00e2nii la vot\u00a0"},"content":{"rendered":"<p>Guvernul nu a anun\u021bat, \u00eens\u0103, o astfel de \u0219edin\u021b\u0103 \u00een care s\u0103 adopte o hot\u0103r\u00e2re de acest fel \u00een cursul zilei de ast\u0103zi, \u00eens\u0103 o \u00eent\u00e2lnire va avea loc m\u00e2ine. \u00cens\u0103 aceasta este o \u0219edin\u021b\u0103 de coali\u021bie.<\/p>\n<p>P\u00e2n\u0103 \u00een acest moment nu au fost anun\u021bate datele exacte ale alegerilor preziden\u021biale, \u00eens\u0103 liderul PNL, Ilie Bolojan, a declarat c\u0103 alegerile ar putea avea loc \u00een luna mai.\u00a0<\/p>\n<p>Potrivit declara\u021biilor liderilor din coali\u021bie, care spuneau c\u0103 nu vor nici campanie electoral\u0103, nici alegeri \u00een perioada s\u0103rb\u0103torilor pascale, primul tur ar urma s\u0103 aib\u0103 loc la finalul lunii mai, iar al doilea &#8211; la \u00eenceputul lunii iunie.\u00a0<\/p>\n<p>P\u00e2n\u0103 atunci, Klaus Iohannis r\u0103m\u00e2ne \u00een func\u021bia de pre\u0219edinte al Rom\u00e2niei.\u00a0<\/p>","protected":false},"excerpt":{"rendered":"<p>Guvernul nu a anun\u021bat, \u00eens\u0103, o astfel de \u0219edin\u021b\u0103 \u00een care s\u0103 adopte o hot\u0103r\u00e2re&hellip;<\/p>\n","protected":false},"author":0,"featured_media":21999,"comment_status":"open","ping_status":"open","sticky":false,"template":"","format":"standard","meta":{"footnotes":""},"categories":[3],"tags":[],"class_list":["post-21998","post","type-post","status-publish","format-standard","has-post-thumbnail","hentry","category-politica"],"_links":{"self":[{"href":"https:\/\/247stiri.ro\/index.php\/wp-json\/wp\/v2\/posts\/21998","targetHints":{"allow":["GET"]}}],"collection":[{"href":"https:\/\/247stiri.ro\/index.php\/wp-json\/wp\/v2\/posts"}],"about":[{"href":"https:\/\/247stiri.ro\/index.php\/wp-json\/wp\/v2\/types\/post"}],"replies":[{"embeddable":true,"href":"https:\/\/247stiri.ro\/index.php\/wp-json\/wp\/v2\/comments?post=21998"}],"version-history":[{"count":0,"href":"https:\/\/247stiri.ro\/index.php\/wp-json\/wp\/v2\/posts\/21998\/revisions"}],"wp:featuredmedia":[{"embeddable":true,"href":"https:\/\/247stiri.ro\/index.php\/wp-json\/wp\/v2\/media\/21999"}],"wp:attachment":[{"href":"https:\/\/247stiri.ro\/index.php\/wp-json\/wp\/v2\/media?parent=21998"}],"wp:term":[{"taxonomy":"category","embeddable":true,"href":"https:\/\/247stiri.ro\/index.php\/wp-json\/wp\/v2\/categories?post=21998"},{"taxonomy":"post_tag","embeddable":true,"href":"https:\/\/247stiri.ro\/index.php\/wp-json\/wp\/v2\/tags?post=21998"}],"curies":[{"name":"wp","href":"https:\/\/api.w.org\/{rel}","templated":true}]}}