{"id":22000,"date":"2025-01-07T09:44:48","date_gmt":"2025-01-07T09:44:48","guid":{"rendered":"https:\/\/247stiri.ro\/index.php\/2025\/01\/07\/victor-ponta-reactie-bomba-in-privinta-candidaturii-la-prezidentiale\/"},"modified":"2025-01-07T09:44:48","modified_gmt":"2025-01-07T09:44:48","slug":"victor-ponta-reactie-bomba-in-privinta-candidaturii-la-prezidentiale","status":"publish","type":"post","link":"https:\/\/247stiri.ro\/index.php\/2025\/01\/07\/victor-ponta-reactie-bomba-in-privinta-candidaturii-la-prezidentiale\/","title":{"rendered":"Victor Ponta, reac\u021bie bomb\u0103 \u00een privin\u021ba candidaturii la preziden\u021biale"},"content":{"rendered":"<p>\u00centrebat repetat dac\u0103 ar putea intra \u00een cursa preziden\u021bial\u0103, consilierul onorific al premierului a evitat s\u0103 r\u0103spund\u0103 direct \u0219i a l\u0103sat loc interpret\u0103rilor.\u00a0<\/p>\n<p>\u201eNu cunosc ce zvonuri circul\u0103 \u0219i nu m\u0103 iau niciodat\u0103 dup\u0103 zvonuri. Eu l-am sus\u021binut \u0219i votat pe domnul Marcel Ciolacu. \u0218i, dac\u0103 va candida, o voi face din nou. Nu v\u0103d deocamdat\u0103, dintre cei anun\u021ba\u021bi, pe absolut nimeni altcineva capabil s\u0103 scoat\u0103 Rom\u00e2nia din criza profund\u0103 \u00een care se afl\u0103 \u00een acest moment! Rom\u00e2nia este \u00een cea mai mare criz\u0103 din 1989 p\u00e2n\u0103 azi &#8211; economic, politic, social!\u00a0<\/p>\n<p>Doar un pre\u0219edinte cu viziune, cu experien\u021b\u0103, cu o echip\u0103 competent\u0103 \u0219i cu rela\u021bii bune cu noua Administra\u021bie de la Washington poate s\u0103 ajute cu adev\u0103rat \u021bara \u00een aceast\u0103 perioad\u0103, lucr\u00e2nd \u00eempreun\u0103 cu Guvernul, Parlamentul \u0219i societatea civil\u0103! Eu voi vota pentru, \u0219i nu contra cuiva!\u201d, a transmis Victor Ponta, pentru Realitatea PLUS.\u00a0<\/p>","protected":false},"excerpt":{"rendered":"<p>\u00centrebat repetat dac\u0103 ar putea intra \u00een cursa preziden\u021bial\u0103, consilierul onorific al premierului a evitat&hellip;<\/p>\n","protected":false},"author":0,"featured_media":22001,"comment_status":"open","ping_status":"open","sticky":false,"template":"","format":"standard","meta":{"footnotes":""},"categories":[3],"tags":[],"class_list":["post-22000","post","type-post","status-publish","format-standard","has-post-thumbnail","hentry","category-politica"],"_links":{"self":[{"href":"https:\/\/247stiri.ro\/index.php\/wp-json\/wp\/v2\/posts\/22000","targetHints":{"allow":["GET"]}}],"collection":[{"href":"https:\/\/247stiri.ro\/index.php\/wp-json\/wp\/v2\/posts"}],"about":[{"href":"https:\/\/247stiri.ro\/index.php\/wp-json\/wp\/v2\/types\/post"}],"replies":[{"embeddable":true,"href":"https:\/\/247stiri.ro\/index.php\/wp-json\/wp\/v2\/comments?post=22000"}],"version-history":[{"count":0,"href":"https:\/\/247stiri.ro\/index.php\/wp-json\/wp\/v2\/posts\/22000\/revisions"}],"wp:featuredmedia":[{"embeddable":true,"href":"https:\/\/247stiri.ro\/index.php\/wp-json\/wp\/v2\/media\/22001"}],"wp:attachment":[{"href":"https:\/\/247stiri.ro\/index.php\/wp-json\/wp\/v2\/media?parent=22000"}],"wp:term":[{"taxonomy":"category","embeddable":true,"href":"https:\/\/247stiri.ro\/index.php\/wp-json\/wp\/v2\/categories?post=22000"},{"taxonomy":"post_tag","embeddable":true,"href":"https:\/\/247stiri.ro\/index.php\/wp-json\/wp\/v2\/tags?post=22000"}],"curies":[{"name":"wp","href":"https:\/\/api.w.org\/{rel}","templated":true}]}}