{"id":2203,"date":"2024-10-27T06:44:47","date_gmt":"2024-10-27T06:44:47","guid":{"rendered":"https:\/\/247stiri.ro\/index.php\/2024\/10\/27\/meteo-duminica-27-octombrie-2024-temperaturi-de-vara-in-mijlocul-toamnei\/"},"modified":"2024-10-27T06:44:47","modified_gmt":"2024-10-27T06:44:47","slug":"meteo-duminica-27-octombrie-2024-temperaturi-de-vara-in-mijlocul-toamnei","status":"publish","type":"post","link":"https:\/\/247stiri.ro\/index.php\/2024\/10\/27\/meteo-duminica-27-octombrie-2024-temperaturi-de-vara-in-mijlocul-toamnei\/","title":{"rendered":"Meteo duminic\u0103 27 octombrie 2024. Temperaturi de var\u0103, \u00een mijlocul toamnei"},"content":{"rendered":"<p>Ast\u0103zi, valorile termice vor cre\u0219te u\u0219or fa\u021b\u0103 de intervalul anterior, astfel \u00eenc\u00e2t vor caracteriza o vreme cald\u0103 pentru aceast\u0103 perioad\u0103, \u00een cea mai mare parte a \u021b\u0103rii.<\/p>\n<p>Cerul va fi variabil, iar v\u00e2ntul va sufl\u0103 slab \u0219i moderat, cu unele intensific\u0103ri \u00een sudul Banatului \u0219i pe crestele montane. Temperaturile maxime se vor \u00eencadra, \u00een general, \u00eentre 14 \u0219i 24 de grade.<\/p>\n<p>Meteo 27 octombrie. Cum e vremea la Bucure\u0219ti<\/p>\n<p> \u00cen Bucure\u0219ti, valorile termice vor cre\u0219te u\u0219or fa\u021b\u0103 de intervalul anterior, astfel \u00eenc\u00e2t vor caracteriza o vreme cald\u0103 pentru aceast\u0103 perioad\u0103. Cerul va fi variabil la senin, iar v\u00e2ntul va sufl\u0103 slab p\u00e2n\u0103 la moderat. Temperatura maxim\u0103 va fi de 21&#8230;22 de grade.<\/p>\n<p>Meteo 27 octombrie. Cum e vremea la munte<\/p>\n<p>La munte, vremea se va men\u021bine frumoas\u0103 \u0219i mult mai cald\u0103 dec\u00e2t normal la sf\u00e2r\u0219itul lunii octombrie. Cerul va fi variabil la senin, iar v\u00e2ntul va sufl\u0103 slab \u0219i moderat, cu unele intensific\u0103ri pe cre\u0219te. Pe vai \u0219i \u00een depresiuni izolat va fi cea\u021b\u0103, mai ales noaptea.\u00a0<\/p>","protected":false},"excerpt":{"rendered":"<p>Ast\u0103zi, valorile termice vor cre\u0219te u\u0219or fa\u021b\u0103 de intervalul anterior, astfel \u00eenc\u00e2t vor caracteriza o&hellip;<\/p>\n","protected":false},"author":0,"featured_media":2204,"comment_status":"open","ping_status":"open","sticky":false,"template":"","format":"standard","meta":{"footnotes":""},"categories":[2],"tags":[],"class_list":["post-2203","post","type-post","status-publish","format-standard","has-post-thumbnail","hentry","category-actual"],"_links":{"self":[{"href":"https:\/\/247stiri.ro\/index.php\/wp-json\/wp\/v2\/posts\/2203","targetHints":{"allow":["GET"]}}],"collection":[{"href":"https:\/\/247stiri.ro\/index.php\/wp-json\/wp\/v2\/posts"}],"about":[{"href":"https:\/\/247stiri.ro\/index.php\/wp-json\/wp\/v2\/types\/post"}],"replies":[{"embeddable":true,"href":"https:\/\/247stiri.ro\/index.php\/wp-json\/wp\/v2\/comments?post=2203"}],"version-history":[{"count":0,"href":"https:\/\/247stiri.ro\/index.php\/wp-json\/wp\/v2\/posts\/2203\/revisions"}],"wp:featuredmedia":[{"embeddable":true,"href":"https:\/\/247stiri.ro\/index.php\/wp-json\/wp\/v2\/media\/2204"}],"wp:attachment":[{"href":"https:\/\/247stiri.ro\/index.php\/wp-json\/wp\/v2\/media?parent=2203"}],"wp:term":[{"taxonomy":"category","embeddable":true,"href":"https:\/\/247stiri.ro\/index.php\/wp-json\/wp\/v2\/categories?post=2203"},{"taxonomy":"post_tag","embeddable":true,"href":"https:\/\/247stiri.ro\/index.php\/wp-json\/wp\/v2\/tags?post=2203"}],"curies":[{"name":"wp","href":"https:\/\/api.w.org\/{rel}","templated":true}]}}