{"id":22047,"date":"2025-01-07T11:44:49","date_gmt":"2025-01-07T11:44:49","guid":{"rendered":"https:\/\/247stiri.ro\/index.php\/2025\/01\/07\/doliu-in-lumea-bisericii-un-preot-a-fost-gasit-cazut-in-casa-parohiala\/"},"modified":"2025-01-07T11:44:49","modified_gmt":"2025-01-07T11:44:49","slug":"doliu-in-lumea-bisericii-un-preot-a-fost-gasit-cazut-in-casa-parohiala","status":"publish","type":"post","link":"https:\/\/247stiri.ro\/index.php\/2025\/01\/07\/doliu-in-lumea-bisericii-un-preot-a-fost-gasit-cazut-in-casa-parohiala\/","title":{"rendered":"Doliu \u00een lumea bisericii. Un preot a fost g\u0103sit c\u0103zut \u00een casa parohial\u0103"},"content":{"rendered":"<p>Cum s-a \u00eent\u00e2mplat tragedia<\/p>\n<p>\u00cen diminea\u021ba zilei de 3 ianuarie, medicii au informat poli\u021bia despre decesul preotului, care a survenit la Spitalul Jude\u021bean Suceava, dup\u0103 ce a fost transportat acolo \u00een stare grav\u0103.<\/p>\n<p>\u00a0I\u0219toc Mihai<a href=\"https:\/\/www.realitatea.net\/stiri\/actual\/patriarhul-daniel-este-in-doliu-vesnica-lui-pomenire-din-neam-in-neam_6713b2b383b1fe28ce49884d\" target=\"_blank\"> a fost g\u0103sit incon\u0219tient<\/a> \u00een casa parohial\u0103 de o angajat\u0103 a bisericii romano-catolice \u201eSf. Anton\u201d, care locuia \u00een acea loca\u021bie, conform informatiata.ro. B\u0103rbatul fusese g\u0103sit c\u0103zut pe podea, iar dup\u0103 ce a fost adus la spital, a intrat \u00een stop cardio-respirator, iar \u00een scurt timp a decedat.<\/p>\n\n<p>\u00a0 \u00a0 \u00a0 \u00a0 \u00a0 \u00a0 Preotul I\u0219toc Mihai a murit \/ Sursa foto &#8211; informatiata.ro<\/p>\n<p>Preotul suferea de diabet, iar \u00eenainte de a fi g\u0103sit incon\u0219tient, a fost testat \u0219i glicemia sa era ridicat\u0103. Angajata care l-a descoperit a declarat c\u0103 este posibil ca starea de s\u0103n\u0103tate a acestuia s\u0103 fi condus la pierderea cuno\u0219tin\u021bei \u0219i la o c\u0103dere, \u00een timpul c\u0103reia s-ar fi lovit cu capul de o mas\u0103, suferind o ran\u0103 grav\u0103.<\/p>\n<p><a href=\"https:\/\/www.realitatea.net\/stiri\/actual\/preotul-eremiaantonel-mirt_649d3ff0d26bf86e0409ce42\" target=\"_blank\">Cadavrul a fost transportat<\/a> la morga Spitalului Jude\u021bean Suceava, iar \u00een prezent, autorit\u0103\u021bile a\u0219teapt\u0103 rezultatele necropsiei pentru a confirma cauza exact\u0103 a decesului.\u00a0<\/p>","protected":false},"excerpt":{"rendered":"<p>Cum s-a \u00eent\u00e2mplat tragedia \u00cen diminea\u021ba zilei de 3 ianuarie, medicii au informat poli\u021bia despre&hellip;<\/p>\n","protected":false},"author":0,"featured_media":22048,"comment_status":"open","ping_status":"open","sticky":false,"template":"","format":"standard","meta":{"footnotes":""},"categories":[2],"tags":[],"class_list":["post-22047","post","type-post","status-publish","format-standard","has-post-thumbnail","hentry","category-actual"],"_links":{"self":[{"href":"https:\/\/247stiri.ro\/index.php\/wp-json\/wp\/v2\/posts\/22047","targetHints":{"allow":["GET"]}}],"collection":[{"href":"https:\/\/247stiri.ro\/index.php\/wp-json\/wp\/v2\/posts"}],"about":[{"href":"https:\/\/247stiri.ro\/index.php\/wp-json\/wp\/v2\/types\/post"}],"replies":[{"embeddable":true,"href":"https:\/\/247stiri.ro\/index.php\/wp-json\/wp\/v2\/comments?post=22047"}],"version-history":[{"count":0,"href":"https:\/\/247stiri.ro\/index.php\/wp-json\/wp\/v2\/posts\/22047\/revisions"}],"wp:featuredmedia":[{"embeddable":true,"href":"https:\/\/247stiri.ro\/index.php\/wp-json\/wp\/v2\/media\/22048"}],"wp:attachment":[{"href":"https:\/\/247stiri.ro\/index.php\/wp-json\/wp\/v2\/media?parent=22047"}],"wp:term":[{"taxonomy":"category","embeddable":true,"href":"https:\/\/247stiri.ro\/index.php\/wp-json\/wp\/v2\/categories?post=22047"},{"taxonomy":"post_tag","embeddable":true,"href":"https:\/\/247stiri.ro\/index.php\/wp-json\/wp\/v2\/tags?post=22047"}],"curies":[{"name":"wp","href":"https:\/\/api.w.org\/{rel}","templated":true}]}}