{"id":22137,"date":"2025-01-07T15:44:54","date_gmt":"2025-01-07T15:44:54","guid":{"rendered":"https:\/\/247stiri.ro\/index.php\/2025\/01\/07\/emmanuel-macron-mesaj-despre-alegerile-din-romania-reactia-lui-victor-ponta\/"},"modified":"2025-01-07T15:44:54","modified_gmt":"2025-01-07T15:44:54","slug":"emmanuel-macron-mesaj-despre-alegerile-din-romania-reactia-lui-victor-ponta","status":"publish","type":"post","link":"https:\/\/247stiri.ro\/index.php\/2025\/01\/07\/emmanuel-macron-mesaj-despre-alegerile-din-romania-reactia-lui-victor-ponta\/","title":{"rendered":"Emmanuel Macron, mesaj despre alegerile din Rom\u00e2nia. Reac\u021bia lui Victor Ponta"},"content":{"rendered":"<p>\u201e\u00cen urm\u0103 cu doar c\u00e2teva s\u0103pt\u0103m\u00e2ni, Rom\u00e2nia a trebuit s\u0103 anuleze alegerile preziden\u021biale din cauza interferen\u021belor \u0219i a manipul\u0103rii electorale atribuite \u00een mod clar Rusiei. Cine \u0219i-ar fi imaginat acest lucru \u00een urm\u0103 cu doar 10 ani?<\/p>\n<p>\u00cen Moldova, s-a \u00eencercat (n.r. interferen\u021be asupra procesului electoral) acela\u0219i lucru, dar a e\u0219uat. \u0218i salut curajul \u0219i determinarea pre\u0219edintei Maia Sandu.<\/p>\n<p>Victor Ponta a lansat \u00eens\u0103 un atac la adresa partenerilor occidentali ai Rom\u00e2niei. El i-a cerut pre\u0219edintelui Fran\u021bei s\u0103 \u201e\u00eenceteze\u201d s\u0103 mai vorbeasc\u0103 despre implicarea Rusiei \u00een alegerile din Rom\u00e2nia dac\u0103 nu are probe. Reac\u021bia din partea lui Ponta pare \u00eens\u0103 paradoxal\u0103, av\u00e2nd \u00een vedere c\u0103 ini\u021bial a sus\u021binut PSD, iar apoi declara\u021biile lui au ajuns mai degrab\u0103 s\u0103 par\u0103 a fi suveraniste.<\/p>\n<p>Dac\u0103 Domnul Macron are ni\u0219te probe clare privind \u201eingerin\u021be \u0219i manipul\u0103ri electorale ale Rusiei\u201d \u00een Alegerile din 2024, cred c\u0103 este obligat s\u0103 ne spun\u0103 \u0219i nou\u0103 &#8211; ca s\u0103 putem s\u0103 lu\u0103m m\u0103suri legale \u0219i s\u0103 ne ap\u0103r\u0103m! Dac\u0103 nu are nicio prob\u0103 \u0219i repet\u0103 ni\u0219te vorbe \u201edup\u0103 ureche\u201d, atunci el este cel care \u00eencearc\u0103 s\u0103 promoveze \u201eingerin\u021be \u0219i manipul\u0103ri electorale\u201c \u00een Rom\u00e2nia &#8211; \u0219i trebuie s\u0103 \u00eenceteze imediat! Nu se poate s\u0103 ne tot spun\u0103 unii din alte \u021b\u0103ri ce \u0219i cum s\u0103 vot\u0103m \u00een Rom\u00e2nia!\u00a0<\/p>\n<p>\u00a0<\/p>","protected":false},"excerpt":{"rendered":"<p>\u201e\u00cen urm\u0103 cu doar c\u00e2teva s\u0103pt\u0103m\u00e2ni, Rom\u00e2nia a trebuit s\u0103 anuleze alegerile preziden\u021biale din cauza&hellip;<\/p>\n","protected":false},"author":0,"featured_media":22104,"comment_status":"open","ping_status":"open","sticky":false,"template":"","format":"standard","meta":{"footnotes":""},"categories":[2],"tags":[],"class_list":["post-22137","post","type-post","status-publish","format-standard","has-post-thumbnail","hentry","category-actual"],"_links":{"self":[{"href":"https:\/\/247stiri.ro\/index.php\/wp-json\/wp\/v2\/posts\/22137","targetHints":{"allow":["GET"]}}],"collection":[{"href":"https:\/\/247stiri.ro\/index.php\/wp-json\/wp\/v2\/posts"}],"about":[{"href":"https:\/\/247stiri.ro\/index.php\/wp-json\/wp\/v2\/types\/post"}],"replies":[{"embeddable":true,"href":"https:\/\/247stiri.ro\/index.php\/wp-json\/wp\/v2\/comments?post=22137"}],"version-history":[{"count":0,"href":"https:\/\/247stiri.ro\/index.php\/wp-json\/wp\/v2\/posts\/22137\/revisions"}],"wp:featuredmedia":[{"embeddable":true,"href":"https:\/\/247stiri.ro\/index.php\/wp-json\/wp\/v2\/media\/22104"}],"wp:attachment":[{"href":"https:\/\/247stiri.ro\/index.php\/wp-json\/wp\/v2\/media?parent=22137"}],"wp:term":[{"taxonomy":"category","embeddable":true,"href":"https:\/\/247stiri.ro\/index.php\/wp-json\/wp\/v2\/categories?post=22137"},{"taxonomy":"post_tag","embeddable":true,"href":"https:\/\/247stiri.ro\/index.php\/wp-json\/wp\/v2\/tags?post=22137"}],"curies":[{"name":"wp","href":"https:\/\/api.w.org\/{rel}","templated":true}]}}