{"id":22154,"date":"2025-01-07T16:44:49","date_gmt":"2025-01-07T16:44:49","guid":{"rendered":"https:\/\/247stiri.ro\/index.php\/2025\/01\/07\/scadere-alarmanta-a-numarului-de-elevi-care-sustin-examenele-nationale-ministerul-educatiei-vine-cu-estimarile-oficiale\/"},"modified":"2025-01-07T16:44:49","modified_gmt":"2025-01-07T16:44:49","slug":"scadere-alarmanta-a-numarului-de-elevi-care-sustin-examenele-nationale-ministerul-educatiei-vine-cu-estimarile-oficiale","status":"publish","type":"post","link":"https:\/\/247stiri.ro\/index.php\/2025\/01\/07\/scadere-alarmanta-a-numarului-de-elevi-care-sustin-examenele-nationale-ministerul-educatiei-vine-cu-estimarile-oficiale\/","title":{"rendered":"Sc\u0103dere alarmant\u0103 a num\u0103rului de elevi care sus\u0163in examenele na\u0163ionale. Ministerul Educa\u021biei vine cu estim\u0103rile oficiale"},"content":{"rendered":"<p>Ministerul Educa\u0163iei a publicat Planul Strategic Institu\u0163ional 2024-2027, semnat \u00een perioada Ligia Deca, care estimeaz\u0103 un num\u0103r tot mai sc\u0103zut de elevi care vor participa la examenele na\u0163ionale. Documentul arat\u0103 un num\u0103r mai mic cu trei mii de elevi a celor care ar trebui s\u0103 sus\u0163in\u0103 examenele na\u0163ionale \u00een 2025 fa\u0163\u0103 de anul trecut, iar num\u0103rul scade \u015fi pentru 2026 \u015fi 2027.<\/p>\n<p>Dac\u0103 \u00een 2023 peste 345.000 de elevi erau \u00eenscri\u015fi, pentru 2025 cifra scade la 302.000. \u00cen 2024, doar 271.000 de elevi au participat la Evaluare \u015fi Bacalaureat, conform datelor oficiale. Ministerul Educa\u0163iei nu men\u0163ioneaz\u0103 \u00een document \u015fi care sunt motivele pentru care estimeaz\u0103 c\u0103 va sc\u0103dea num\u0103rul de elevi care sus\u0163in examenele na\u0163ionale, scrie mediafax.ro.<\/p>\n<p>\u201eCred c\u0103 motivele sunt mult mai prozaice, dac\u0103 \u00eemi pot permite s\u0103 spun a\u015fa. Este de fapt o constatare, nu mi se pare c\u0103 este nici o strategie, nici un obiectiv. Asta este demografia \u00een Rom\u00e2nia. Num\u0103rul elevilor scade de la un an la altul. Iar \u00een acest an, \u00een 2025, \u00een mod excep\u0163ional, la bacalaureat vom avea cea mai mic\u0103 cohort\u0103 din istoria \u00eenv\u0103\u0163\u0103m\u00e2ntului, din istoria bacalaureatului, pentru c\u0103 sunt cei care au f\u0103cut 13 ani de \u015fcoal\u0103. E prima genera\u0163ie care a avut clasa preg\u0103titoare. Iar atunci, la intrarea \u00een clasa preg\u0103titoare, s-au \u00eenscris mai pu\u0163ini dec\u00e2t \u00een anii urm\u0103tori, pentru c\u0103 genera\u0163ia s-a \u00eemp\u0103r\u0163it \u00een dou\u0103. Puteau s\u0103 se \u00eenscrie \u00een clasa \u00eent\u00e2i sau \u00een clasa preg\u0103titoare. Deci exist\u0103 o explica\u0163ie foarte logic\u0103 pentru sc\u0103derea num\u0103rului \u00een acest an 2025. Mai pu\u0163in elevi au intrat \u00een clasa preg\u0103titoare acum 13 ani \u015fi, \u00een plus, pe fiecare an, num\u0103rul de elevi scade de la un an la altul, pentru c\u0103 asta este demografia.<\/p>\n<p>Avem mai pu\u0163ini copii \u015fi aceast\u0103 sc\u0103dere se va vedea, de fapt, dac\u0103 ne uit\u0103m la c\u00e2\u0163i elevi se \u00eenscriu acum \u00een anii de \u00eenceput a \u015fcolii obligatorii, clasa preg\u0103titoare, respectiv ulterior la liceu, num\u0103rul acesta va sc\u0103dea \u00een continuare. Este o constatare, nu poate fi o strategie, pentru c\u0103, evident, ministerul nu are cum s\u0103-\u015fi doreasc\u0103 s\u0103 scad\u0103 num\u0103rul celor prezen\u0163i. Ar fi foarte bine dac\u0103, \u00eentre obiective, ar fi ca to\u0163i ace\u015fti 302.000 chiar se vor prezenta \u015fi vor participa la evaluarea na\u0163ional\u0103 \u015fi vor avea rezultate bune \u015fi la evaluarea \u015fi la bacalaureat. Dar acolo trebuie intervenit. Obiectivul este s\u0103 participe to\u0163i. C\u00e2\u0163i vor participa, vom vedea \u00een iunie. Pentru c\u0103 \u015fi anul trecut doar 270 din 300 \u015fi ceva de mii au participat. Deci nu cred c\u0103 cifra \u00een sine este problema. Este o constatare, cum spuneam. Reflect\u0103 realitatea din teritoriu. At\u00e2\u0163ia copii sunt \u00eenscri\u015fi \u00een clasa 12 \u015fi a 8-a \u00een acest moment\u201d, declar\u0103 Radu Szekely, expert \u00een educa\u0163ie, pentru un site de \u0219tiri.<\/p>\n<p>Aceste rapoarte arat\u0103 absenteismul care r\u0103m\u00e2ne ridicat la examenele na\u0163ionale.<\/p>\n<p>\u201e\u00cen primul r\u00e2nd, relevan\u0163a evalu\u0103rii na\u0163ionale ar trebui reg\u00e2ndit\u0103. De ce avem nevoie de acest examen de etap\u0103 \u00een cazul \u00eenv\u0103\u0163\u0103m\u00e2ntului obligatoriu? At\u00e2ta vreme c\u00e2t el nu condi\u0163ioneaz\u0103 dec\u00e2t repartizarea la un liceu sau altul, el devine, de fapt, un examen nu de evaluare na\u0163ional\u0103, ci un concurs de repartizare. \u015ei atunci, cei care nu doresc s\u0103 participe la acest concurs, pentru c\u0103 ori nu sunt motiva\u0163i, nu-i intereseaz\u0103 un liceu bun sau \u015ftiu c\u0103 nu au nicio \u015fans\u0103 s\u0103 ia, nu vor participa. Se autoscutesc de acest stres al unei competi\u0163ii care \u00eei repartizeaz\u0103.<\/p>\n<p>Din p\u0103cate, scopul ini\u0163ial, acela de a da o imagine clar\u0103 a situa\u0163iei \u00een \u00eenv\u0103\u0163\u0103m\u00e2ntul rom\u00e2nesc la finalizarea \u00eenv\u0103\u0163\u0103m\u00e2ntului obligatoriu, la acea vreme, de 9 ani, de la preg\u0103titoare p\u00e2n\u0103 la clasa 8-a, nu se \u00eendepline\u015fte acest obiectiv \u00een momentul de fa\u0163\u0103. Majoritatea elevilor \u00eenva\u0163\u0103 exclusiv la acele dou\u0103 discipline, dac\u0103 vor s\u0103 intre la un liceu bun. Evaluarea na\u0163ional\u0103 a fost deturnat\u0103 oarecum \u015fi reg\u00e2ndit\u0103 de c\u0103tre public, nu de c\u0103tre minister, ci de c\u0103tre public, \u00eentr-un examen de repartizare. Deci, ce se poate face este s\u0103 vedem \u00een ce m\u0103sura acest examen mai este necesar \u00een forma actual\u0103, av\u00e2nd \u00een vedere c\u0103 acum, conform legii, \u00eenv\u0103\u0163\u0103m\u00e2ntul este obligatoriu p\u00e2n\u0103 la finalul clasei a 12-a\u201d, \u00eencheie Szekely.<\/p>","protected":false},"excerpt":{"rendered":"<p>Ministerul Educa\u0163iei a publicat Planul Strategic Institu\u0163ional 2024-2027, semnat \u00een perioada Ligia Deca, care estimeaz\u0103&hellip;<\/p>\n","protected":false},"author":0,"featured_media":22155,"comment_status":"open","ping_status":"open","sticky":false,"template":"","format":"standard","meta":{"footnotes":""},"categories":[2],"tags":[],"class_list":["post-22154","post","type-post","status-publish","format-standard","has-post-thumbnail","hentry","category-actual"],"_links":{"self":[{"href":"https:\/\/247stiri.ro\/index.php\/wp-json\/wp\/v2\/posts\/22154","targetHints":{"allow":["GET"]}}],"collection":[{"href":"https:\/\/247stiri.ro\/index.php\/wp-json\/wp\/v2\/posts"}],"about":[{"href":"https:\/\/247stiri.ro\/index.php\/wp-json\/wp\/v2\/types\/post"}],"replies":[{"embeddable":true,"href":"https:\/\/247stiri.ro\/index.php\/wp-json\/wp\/v2\/comments?post=22154"}],"version-history":[{"count":0,"href":"https:\/\/247stiri.ro\/index.php\/wp-json\/wp\/v2\/posts\/22154\/revisions"}],"wp:featuredmedia":[{"embeddable":true,"href":"https:\/\/247stiri.ro\/index.php\/wp-json\/wp\/v2\/media\/22155"}],"wp:attachment":[{"href":"https:\/\/247stiri.ro\/index.php\/wp-json\/wp\/v2\/media?parent=22154"}],"wp:term":[{"taxonomy":"category","embeddable":true,"href":"https:\/\/247stiri.ro\/index.php\/wp-json\/wp\/v2\/categories?post=22154"},{"taxonomy":"post_tag","embeddable":true,"href":"https:\/\/247stiri.ro\/index.php\/wp-json\/wp\/v2\/tags?post=22154"}],"curies":[{"name":"wp","href":"https:\/\/api.w.org\/{rel}","templated":true}]}}