{"id":22160,"date":"2025-01-07T17:44:47","date_gmt":"2025-01-07T17:44:47","guid":{"rendered":"https:\/\/247stiri.ro\/index.php\/2025\/01\/07\/un-ministru-maghiar-pe-lista-neagra-a-washingtonului-reactia-ungariei\/"},"modified":"2025-01-07T17:44:47","modified_gmt":"2025-01-07T17:44:47","slug":"un-ministru-maghiar-pe-lista-neagra-a-washingtonului-reactia-ungariei","status":"publish","type":"post","link":"https:\/\/247stiri.ro\/index.php\/2025\/01\/07\/un-ministru-maghiar-pe-lista-neagra-a-washingtonului-reactia-ungariei\/","title":{"rendered":"Un ministru maghiar, pe lista neagr\u0103 a Washingtonului. Reac\u021bia Ungariei"},"content":{"rendered":"<p>Rog\u00e1n, economist \u0219i fost primar al ora\u0219ului Belv\u00e1ros-Lip\u00f3tv\u00e1ros, este una dintre cele mai influente personalit\u0103\u021bi din guvernul premierului Viktor Orb\u00e1n.<\/p>\n<p>Portofoliul s\u0103u de ministru \u00eens\u0103rcinat cu cabinetul lui Orb\u00e1n acoper\u0103 o gam\u0103 larg\u0103 de domenii, inclusiv comunica\u021biile oficiale \u0219i neoficiale ale guvernului, precum \u0219i informa\u021biile civile.<\/p>\n<p>\u00cenainte de aceasta, Rog\u00e1n a fost liderul grupului parlamentar al partidului lui Orb\u00e1n, Fidesz.<\/p>\n<p>Motivele sanc\u021biunii<\/p>\n<p>&#8222;\u00cen timpul mandatului s\u0103u de oficial guvernamental, inclusiv \u00een calitate de ministru responsabil al Cabinetului lui Orb\u00e1n, Rog\u00e1n ar fi orchestrat scheme menite s\u0103 controleze sectoare strategice ale economiei ungare&#8221;, a transmis mar\u021bi Departamentul de Stat al SUA \u00eentr-un comunicat.<\/p>\n<p>\u00a0<\/p>\n<p>&#8222;Ministrul Rog\u00e1n a jucat un rol central \u00een activarea unui sistem \u00een Ungaria de care au beneficiat el \u0219i partidul s\u0103u \u00een detrimentul poporului maghiar&#8221;, a ad\u0103ugat comunicatul.<\/p>\n<p>\u00a0<\/p>\n<p>&#8222;Continu\u0103m s\u0103 \u00eendemn\u0103m liderii Ungariei s\u0103 abordeze corup\u021bia \u00een mod proactiv, f\u0103r\u0103 echivoc \u0219i decisiv. O Ungarie mai transparent\u0103 va contribui la o alian\u021b\u0103 transatlantic\u0103 mai puternic\u0103 \u0219i la o Europ\u0103 mai prosper\u0103&#8221;, se \u00eencheie declara\u021bia.<\/p>\n<p>Rogan a fost inclus pe lista Biroului de control al activelor str\u0103ine \u00een temeiul Legii globale Magnitsky, care vizeaz\u0103 persoanele care \u00eencalc\u0103 drepturile omului \u0219i actorii corup\u021biei globale.<\/p>\n<p>Reac\u021bie de la Budapesta<\/p>\n<p>&#8222;Este o r\u0103zbunare personal\u0103 \u00eempotriva lui Antal Rog\u00e1n a ambasadorului trimis \u00een Ungaria de aceast\u0103 administra\u021bie american\u0103 e\u0219uat\u0103, care va pleca de aici f\u0103r\u0103 succes \u0219i f\u0103r\u0103 glorie&#8221;, a declarat, mar\u0163i, ministrul ungar de externe, pe pagina sa de pe Facebook, reac\u0163ion\u00e2nd la faptul c\u0103 Statele Unite l-au plasat pe ministrul care conduce Cabinetul premierului ungar pe lista de sanc\u021biuni.<\/p>\n<p>P\u00e9ter Szijj\u00e1rt\u00f3 a scris \u00een postarea sa: &#8222;Este bine c\u0103, \u00een c\u00e2teva zile, Statele Unite vor fi conduse de oameni care v\u0103d \u021bara noastr\u0103 ca pe prieteni, \u0219i nu ca pe du\u0219mani&#8221;.<\/p>","protected":false},"excerpt":{"rendered":"<p>Rog\u00e1n, economist \u0219i fost primar al ora\u0219ului Belv\u00e1ros-Lip\u00f3tv\u00e1ros, este una dintre cele mai influente personalit\u0103\u021bi&hellip;<\/p>\n","protected":false},"author":0,"featured_media":22159,"comment_status":"open","ping_status":"open","sticky":false,"template":"","format":"standard","meta":{"footnotes":""},"categories":[2],"tags":[],"class_list":["post-22160","post","type-post","status-publish","format-standard","has-post-thumbnail","hentry","category-actual"],"_links":{"self":[{"href":"https:\/\/247stiri.ro\/index.php\/wp-json\/wp\/v2\/posts\/22160","targetHints":{"allow":["GET"]}}],"collection":[{"href":"https:\/\/247stiri.ro\/index.php\/wp-json\/wp\/v2\/posts"}],"about":[{"href":"https:\/\/247stiri.ro\/index.php\/wp-json\/wp\/v2\/types\/post"}],"replies":[{"embeddable":true,"href":"https:\/\/247stiri.ro\/index.php\/wp-json\/wp\/v2\/comments?post=22160"}],"version-history":[{"count":0,"href":"https:\/\/247stiri.ro\/index.php\/wp-json\/wp\/v2\/posts\/22160\/revisions"}],"wp:featuredmedia":[{"embeddable":true,"href":"https:\/\/247stiri.ro\/index.php\/wp-json\/wp\/v2\/media\/22159"}],"wp:attachment":[{"href":"https:\/\/247stiri.ro\/index.php\/wp-json\/wp\/v2\/media?parent=22160"}],"wp:term":[{"taxonomy":"category","embeddable":true,"href":"https:\/\/247stiri.ro\/index.php\/wp-json\/wp\/v2\/categories?post=22160"},{"taxonomy":"post_tag","embeddable":true,"href":"https:\/\/247stiri.ro\/index.php\/wp-json\/wp\/v2\/tags?post=22160"}],"curies":[{"name":"wp","href":"https:\/\/api.w.org\/{rel}","templated":true}]}}