{"id":22171,"date":"2025-01-07T18:45:06","date_gmt":"2025-01-07T18:45:06","guid":{"rendered":"https:\/\/247stiri.ro\/index.php\/2025\/01\/07\/gigi-becali-la-pat-din-cauza-noului-virus-chinezesc-nu-am-mai-patit-niciodata-latifundiarul-din-pipera-refuza-sa-ia-medicamentul-prescris-de-medici\/"},"modified":"2025-01-07T18:45:06","modified_gmt":"2025-01-07T18:45:06","slug":"gigi-becali-la-pat-din-cauza-noului-virus-chinezesc-nu-am-mai-patit-niciodata-latifundiarul-din-pipera-refuza-sa-ia-medicamentul-prescris-de-medici","status":"publish","type":"post","link":"https:\/\/247stiri.ro\/index.php\/2025\/01\/07\/gigi-becali-la-pat-din-cauza-noului-virus-chinezesc-nu-am-mai-patit-niciodata-latifundiarul-din-pipera-refuza-sa-ia-medicamentul-prescris-de-medici\/","title":{"rendered":"Gigi Becali, la pat din cauza noului virus chinezesc: \u201eNu am mai p\u0103\u021bit niciodat\u0103\u201d. Latifundiarul din Pipera refuz\u0103 s\u0103 ia medicamentul prescris de medici"},"content":{"rendered":"<p>Becali, patronul de la FCSB, a intrat \u00een contact cu acest virus. Spune c\u0103 nu putea s\u0103 doarm\u0103, dar \u0219i c\u0103 a tu\u0219it \u00eencontinuu. Spune c\u0103 nu a mai trecut prin a\u0219a ceva \u00een via\u021ba lui. Mai mult, Becali a refuzat s\u0103 ia antibioticele prescrise de medici, aleg\u00e2nd s\u0103 urmeze un tratament naturist.<\/p>\n<p>&#8222;\u00cen via\u021ba mea nu am mai p\u0103\u021bit a\u0219a ceva. Tu\u0219eam \u00eencontinuu, nu puteam s\u0103 dorm, tu\u0219eam c\u00e2nd m\u0103 puneam \u00een pat. Am luat medicamente naturiste. Doctorul mi-a spus s\u0103 iau antibiotic \u0219i nu am vrut s\u0103 aud de a\u0219a ceva.<\/p>\n<p>C\u00e2nd am fost bolnav a fost bucurie, pe cuv\u00e2nt! Doamne, tu mi-ai dat boala, atunci e bucurie, mul\u021bi nu or s\u0103 \u00een\u021beleag\u0103. Eu nu privegheam, adic\u0103 s\u0103 fac rug\u0103ciune de noapte.<\/p>\n<p>M-a obligat s\u0103 priveghez acum. C\u00e2nd e\u0219ti bolnav, e\u0219ti cu g\u00e2ndul mai mult la rug\u0103ciune. Am zis &#8222;Doamne, \u00ee\u021bi mul\u021bumesc&#8221;. E prima dat\u0103 \u00een via\u021ba mea c\u00e2nd m\u0103 bucur c\u0103 am fost bolnav&#8221;, a declarat Becali.<\/p>\n<p>\u00a0<\/p>","protected":false},"excerpt":{"rendered":"<p>Becali, patronul de la FCSB, a intrat \u00een contact cu acest virus. Spune c\u0103 nu&hellip;<\/p>\n","protected":false},"author":0,"featured_media":22172,"comment_status":"open","ping_status":"open","sticky":false,"template":"","format":"standard","meta":{"footnotes":""},"categories":[2],"tags":[],"class_list":["post-22171","post","type-post","status-publish","format-standard","has-post-thumbnail","hentry","category-actual"],"_links":{"self":[{"href":"https:\/\/247stiri.ro\/index.php\/wp-json\/wp\/v2\/posts\/22171","targetHints":{"allow":["GET"]}}],"collection":[{"href":"https:\/\/247stiri.ro\/index.php\/wp-json\/wp\/v2\/posts"}],"about":[{"href":"https:\/\/247stiri.ro\/index.php\/wp-json\/wp\/v2\/types\/post"}],"replies":[{"embeddable":true,"href":"https:\/\/247stiri.ro\/index.php\/wp-json\/wp\/v2\/comments?post=22171"}],"version-history":[{"count":0,"href":"https:\/\/247stiri.ro\/index.php\/wp-json\/wp\/v2\/posts\/22171\/revisions"}],"wp:featuredmedia":[{"embeddable":true,"href":"https:\/\/247stiri.ro\/index.php\/wp-json\/wp\/v2\/media\/22172"}],"wp:attachment":[{"href":"https:\/\/247stiri.ro\/index.php\/wp-json\/wp\/v2\/media?parent=22171"}],"wp:term":[{"taxonomy":"category","embeddable":true,"href":"https:\/\/247stiri.ro\/index.php\/wp-json\/wp\/v2\/categories?post=22171"},{"taxonomy":"post_tag","embeddable":true,"href":"https:\/\/247stiri.ro\/index.php\/wp-json\/wp\/v2\/tags?post=22171"}],"curies":[{"name":"wp","href":"https:\/\/api.w.org\/{rel}","templated":true}]}}