{"id":22175,"date":"2025-01-07T18:45:07","date_gmt":"2025-01-07T18:45:07","guid":{"rendered":"https:\/\/247stiri.ro\/index.php\/2025\/01\/07\/inflatia-loveste-din-nou-zona-euro-analisti-economici-dobanzile-pot-creste\/"},"modified":"2025-01-07T18:45:07","modified_gmt":"2025-01-07T18:45:07","slug":"inflatia-loveste-din-nou-zona-euro-analisti-economici-dobanzile-pot-creste","status":"publish","type":"post","link":"https:\/\/247stiri.ro\/index.php\/2025\/01\/07\/inflatia-loveste-din-nou-zona-euro-analisti-economici-dobanzile-pot-creste\/","title":{"rendered":"Infla\u0163ia love\u0219te din nou zona euro. Anali\u0219ti economici: Dob\u00e2nzile pot cre\u0219te"},"content":{"rendered":"<p>Pre\u0163urile de consum au crescut cu 2,4% fa\u0163\u0103 de aceea\u015fi perioad\u0103 a anului trecut, \u00een decembrie, comparativ cu 2,2% \u00een noiembrie, potrivit estim\u0103rii mediane dintr-un sondaj Bloomberg. Cre\u015fterea a fost determinat\u0103 \u00een mare parte de costurile energiei, care au crescut pentru prima dat\u0103 din iulie, a raportat Eurostat.<\/p>\n<p>Infla\u0163ia de baz\u0103, care exclude componentele volatile, a fost de 2,7%. \u00cen sectorul serviciilor, cre\u015fterea pre\u0163urilor a ajuns la 4%.<\/p>\n<p>Aceast\u0103 cre\u015ftere nu surprinde BCE, care a avertizat \u00een repetate r\u00e2nduri c\u0103 revenirea la \u0163inta de 2% va fi una dificil\u0103. BCE estimeaz\u0103 c\u0103 va atinge acest prag \u00een mod sustenabil p\u00e2n\u0103 la sf\u00e2r\u015fitul anului. O proiec\u0163ie Bloomberg Economics sugereaz\u0103 c\u0103 infla\u0163ia va r\u0103m\u00e2ne la 2,4% \u00een ianuarie.<\/p>\n<p>Conform <a href=\"https:\/\/www.zf.ro\/banci-si-asigurari\/o-veste-proasta-inflatia-revine-in-zona-euro-dar-analistii-cred-ca-22637067\" target=\"_blank\">zf.ro<\/a>, obliga\u0163iunile nu au \u00eenregistrat modific\u0103ri semnificative dup\u0103 publicarea datelor. Randamentul obliga\u0163iunilor germane pe doi ani, unul dintre cele mai sensibile la politica monetar\u0103, a sc\u0103zut cu un punct de baz\u0103, ajung\u00e2nd la 2,18%, sub maximul atins ieri \u00een ultimele dou\u0103 luni. De asemenea, a\u015ftept\u0103rile privind reducerile de rate ale BCE au r\u0103mas stabile, cu estim\u0103ri de aproximativ 100 de puncte de baz\u0103 p\u00e2n\u0103 la sf\u00e2r\u015fitul anului.<\/p>\n<p>\u201eO mare parte din cre\u015ftere provine din efectele de baz\u0103 ale pre\u0163ului combustibililor &#8211; nu exist\u0103 dovezi c\u0103 presiunea costurilor interne cre\u015fte semnificativ. Imaginea de ansamblu r\u0103m\u00e2ne una de dezinfla\u0163ie generalizat\u0103, ceea ce va permite Consiliului de Guvernare s\u0103 continue reducerile anul acesta \u2013 ne a\u015ftept\u0103m la o relaxare de 100 de puncte de baz\u0103.\u201d, a spus Jamie Rush, economist-\u015fef european.\u00a0<\/p>\n<p>Rapoartele na\u0163ionale din ultimele zile au ar\u0103tat deja cre\u015fteri mai mari ale pre\u0163urilor dec\u00e2t cele estimate \u00een Germania \u015fi Spania, \u00een timp ce acestea au crescut mai pu\u0163in dec\u00e2t se anticipa \u00een Fran\u0163a \u015fi au \u00eencetinit nea\u015fteptat \u00een Italia. Un raport separat al BCE a ar\u0103tat c\u0103 a\u015ftept\u0103rile consumatorilor privind infla\u0163ia au crescut \u00een noiembrie.<\/p>\n<p>Oficialii sunt \u00een continuare pe drumul de a reduce costurile de \u00eemprumut dup\u0103 a patra reducere din decembrie. La 3%, rata depozitelor este \u00eenc\u0103 considerat\u0103 de majoritatea ca fiind restrictiv\u0103 pentru activitatea economic\u0103, \u00eentr-un moment \u00een care blocul monetar nu reu\u015fe\u015fte s\u0103 ini\u0163ieze o recuperare puternic\u0103.\u00e2<\/p>\n<p>De\u015fi infla\u0163ia a sc\u0103zut deja sub 2% anul trecut, retragerea a fost determinat\u0103 de efecte statistice legate de fluctua\u0163iile puternice ale costurilor energiei din ultimii ani. Pe m\u0103sur\u0103 ce aceste efecte dispar, cifra principal\u0103 cre\u015fte temporar.<\/p>\n<p>\u00a0<\/p>","protected":false},"excerpt":{"rendered":"<p>Pre\u0163urile de consum au crescut cu 2,4% fa\u0163\u0103 de aceea\u015fi perioad\u0103 a anului trecut, \u00een&hellip;<\/p>\n","protected":false},"author":0,"featured_media":22176,"comment_status":"open","ping_status":"open","sticky":false,"template":"","format":"standard","meta":{"footnotes":""},"categories":[2],"tags":[],"class_list":["post-22175","post","type-post","status-publish","format-standard","has-post-thumbnail","hentry","category-actual"],"_links":{"self":[{"href":"https:\/\/247stiri.ro\/index.php\/wp-json\/wp\/v2\/posts\/22175","targetHints":{"allow":["GET"]}}],"collection":[{"href":"https:\/\/247stiri.ro\/index.php\/wp-json\/wp\/v2\/posts"}],"about":[{"href":"https:\/\/247stiri.ro\/index.php\/wp-json\/wp\/v2\/types\/post"}],"replies":[{"embeddable":true,"href":"https:\/\/247stiri.ro\/index.php\/wp-json\/wp\/v2\/comments?post=22175"}],"version-history":[{"count":0,"href":"https:\/\/247stiri.ro\/index.php\/wp-json\/wp\/v2\/posts\/22175\/revisions"}],"wp:featuredmedia":[{"embeddable":true,"href":"https:\/\/247stiri.ro\/index.php\/wp-json\/wp\/v2\/media\/22176"}],"wp:attachment":[{"href":"https:\/\/247stiri.ro\/index.php\/wp-json\/wp\/v2\/media?parent=22175"}],"wp:term":[{"taxonomy":"category","embeddable":true,"href":"https:\/\/247stiri.ro\/index.php\/wp-json\/wp\/v2\/categories?post=22175"},{"taxonomy":"post_tag","embeddable":true,"href":"https:\/\/247stiri.ro\/index.php\/wp-json\/wp\/v2\/tags?post=22175"}],"curies":[{"name":"wp","href":"https:\/\/api.w.org\/{rel}","templated":true}]}}