{"id":22177,"date":"2025-01-07T18:45:07","date_gmt":"2025-01-07T18:45:07","guid":{"rendered":"https:\/\/247stiri.ro\/index.php\/2025\/01\/07\/apel-public-al-cadrelor-medicale-cati-copii-mai-e-nevoie-sa-ajunga-la-spital-din-cauza-petardelor\/"},"modified":"2025-01-07T18:45:07","modified_gmt":"2025-01-07T18:45:07","slug":"apel-public-al-cadrelor-medicale-cati-copii-mai-e-nevoie-sa-ajunga-la-spital-din-cauza-petardelor","status":"publish","type":"post","link":"https:\/\/247stiri.ro\/index.php\/2025\/01\/07\/apel-public-al-cadrelor-medicale-cati-copii-mai-e-nevoie-sa-ajunga-la-spital-din-cauza-petardelor\/","title":{"rendered":"Apel public al cadrelor medicale: \u201eC\u00e2\u021bi copii mai e nevoie s\u0103 ajung\u0103 la spital din cauza petardelor?!\u201d"},"content":{"rendered":"<p>Cel mai mic pacient are 7 ani.\u00a0 Medicii au lansat un apel public autorit\u0103\u0163ilor s\u0103 interzic\u0103 v\u00e2nzarea lor.<\/p>\n<p>Purt\u0103torul de cuv\u00e2nt al Spitalului pentru copii \u201eSf\u00e2nta Maria\u201d, medicul C\u0103t\u0103lina Ionescu, a declarat, \u00een cadrul unei conferin\u0163e de pres\u0103 organizat\u0103 mar\u0163i, c\u0103 din 24 decembrie 2024 \u00een UPU au fost \u00eenregistra\u0163i 30 de pacien\u0163i, cu v\u00e2rste \u00eentre 7 \u015fi 18 ani, care aveau r\u0103ni sau arsuri provocate \u00een timpul exploziei petardelor.<\/p>\n<p>\u201eAceste leziuni au fost \u00een general de tip arsuri, dar au fost leziuni \u015fi la nivelul masei musculare \u015fi al celui osos. De cele mai multe ori, pacien\u0163ii prezentau leziuni la nivelul m\u00e2inilor, dar au asociat \u015fi leziuni cranio-faciale. Leziunile mutilante au fost prezente la nivelul m\u00e2inilor la jum\u0103tate din ace\u015fti pacien\u0163i. (\u2026) Aceste leziuni mutilante au determinat spitalizare \u00eendelungat\u0103 a pacien\u0163ilor, iar \u00een evolu\u0163ie lucrurile nu vor fi a\u015fa cum trebuie.Sunt copii care au avut leziuni mutilante la nivelul m\u00e2inilor, au r\u0103mas f\u0103r\u0103 degete, au r\u0103mas f\u0103r\u0103 \u0163esut muscular sau osos. Copiii au \u00een general peste 11 ani, dar au fost dou\u0103 cazuri la copii de 7 \u015fi 8 ani, restul av\u00e2nd \u00eentre 11 \u015fi 18 ani\u201d, a atras aten\u0163ia dr. C\u0103t\u0103lina Ionescu.<\/p>\n<p>\u201eP\u0103rerea tuturor colegilor \u2013 de comun acord \u2013 este c\u0103 degeaba prezent\u0103m \u00een pres\u0103, ci trebuie luate m\u0103suri drastice, \u015fi anume interzicerea comercializ\u0103rii acestor petarde. Din p\u0103cate, de\u015fi s-au tot prezentat problemele determinate de aceste petarde, noi, ca institu\u0163ie care acord\u0103m \u00eengrijiri medicale, am postat pe pagina spitalului \u00eenc\u0103 de dinainte de s\u0103rb\u0103tori riscurile la care se expun copiii prin utilizarea acestor petarde, cazurile au continuat s\u0103 vin\u0103 \u015fi au fost destul de grave. Av\u00e2nd at\u00e2t cazuistic\u0103 \u015fi pozele acestor copii, vom face adres\u0103 c\u0103tre forurile care r\u0103spund de aceste situa\u0163ii pentru a lua m\u0103suri. Ne este team\u0103 c\u0103 p\u00e2n\u0103 la Cr\u0103ciunul viitor lucrurile se uit\u0103, dar vom face demersuri \u015fi vom \u00eencerca din nou \u00een decembrie 2025 s\u0103 relu\u0103m toate aceste discu\u0163ii tocmai pentru a nu se \u00eent\u00e2mpla sau repeta astfel de evenimente\u201d, a mai declarat dr. C\u0103t\u0103lina Ionescu.<\/p>\n<p>\u00cen perioada s\u0103rb\u0103torilor, sunt \u00eent\u00e2lnite zeci de astfel de cazuri<\/p>\n<p>\u201eEduca\u0163ia copiilor \u015fi p\u0103rin\u0163ilor este esen\u0163ial\u0103, dar nu este suficient\u0103. De aceea, mergem pe ideea c\u0103 ar trebui s\u0103 fie interzis\u0103 efectiv comercializarea lor. Eu cred c\u0103 sunt mai multe institu\u0163ii care ar trebui s\u0103 \u00ee\u015fi fac\u0103 treaba: \u015fi noi, \u015fi poli\u0163ia, \u015fi politicul. (Anual \u2013 n.r.) e un num\u0103r constant de cazuri. Anul acesta au fost cazuri mai severe fa\u0163\u0103 de anul trecut. Imagina\u0163ia copiilor este bogat\u0103, unii au aruncat pe petarde cu benzin\u0103 \u015fi atunci au suferit leziuni, al\u0163ii au pus petardele \u00een diverse recipiente, au pus petarda \u00een tuburi \u015fi au \u00eencercat s\u0103 sufle \u00een acel tub\u201d, a explicat dr. Ionescu.<\/p>","protected":false},"excerpt":{"rendered":"<p>Cel mai mic pacient are 7 ani.\u00a0 Medicii au lansat un apel public autorit\u0103\u0163ilor s\u0103&hellip;<\/p>\n","protected":false},"author":0,"featured_media":22178,"comment_status":"open","ping_status":"open","sticky":false,"template":"","format":"standard","meta":{"footnotes":""},"categories":[2],"tags":[],"class_list":["post-22177","post","type-post","status-publish","format-standard","has-post-thumbnail","hentry","category-actual"],"_links":{"self":[{"href":"https:\/\/247stiri.ro\/index.php\/wp-json\/wp\/v2\/posts\/22177","targetHints":{"allow":["GET"]}}],"collection":[{"href":"https:\/\/247stiri.ro\/index.php\/wp-json\/wp\/v2\/posts"}],"about":[{"href":"https:\/\/247stiri.ro\/index.php\/wp-json\/wp\/v2\/types\/post"}],"replies":[{"embeddable":true,"href":"https:\/\/247stiri.ro\/index.php\/wp-json\/wp\/v2\/comments?post=22177"}],"version-history":[{"count":0,"href":"https:\/\/247stiri.ro\/index.php\/wp-json\/wp\/v2\/posts\/22177\/revisions"}],"wp:featuredmedia":[{"embeddable":true,"href":"https:\/\/247stiri.ro\/index.php\/wp-json\/wp\/v2\/media\/22178"}],"wp:attachment":[{"href":"https:\/\/247stiri.ro\/index.php\/wp-json\/wp\/v2\/media?parent=22177"}],"wp:term":[{"taxonomy":"category","embeddable":true,"href":"https:\/\/247stiri.ro\/index.php\/wp-json\/wp\/v2\/categories?post=22177"},{"taxonomy":"post_tag","embeddable":true,"href":"https:\/\/247stiri.ro\/index.php\/wp-json\/wp\/v2\/tags?post=22177"}],"curies":[{"name":"wp","href":"https:\/\/api.w.org\/{rel}","templated":true}]}}