{"id":22187,"date":"2025-01-07T19:44:48","date_gmt":"2025-01-07T19:44:48","guid":{"rendered":"https:\/\/247stiri.ro\/index.php\/2025\/01\/07\/un-fost-ministru-al-educatiei-vrea-pregatire-militara-pentru-tineret-obligatoriu-pentru-baieti-optional-la-fete\/"},"modified":"2025-01-07T19:44:48","modified_gmt":"2025-01-07T19:44:48","slug":"un-fost-ministru-al-educatiei-vrea-pregatire-militara-pentru-tineret-obligatoriu-pentru-baieti-optional-la-fete","status":"publish","type":"post","link":"https:\/\/247stiri.ro\/index.php\/2025\/01\/07\/un-fost-ministru-al-educatiei-vrea-pregatire-militara-pentru-tineret-obligatoriu-pentru-baieti-optional-la-fete\/","title":{"rendered":"Un fost ministru al Educa\u021biei vrea preg\u0103tire militar\u0103 pentru tineret. Obligatoriu pentru b\u0103ie\u021bi, op\u021bional la fete"},"content":{"rendered":"<p>Daniel Funeriu anun\u0163\u0103 c\u0103 \u00ee\u015fi ia \u201dangajamentul public\u201d c\u0103 domeniul ap\u0103r\u0103rii va beneficia de un buget de 3,5% din PIB, iar cel pu\u0163in 2% din acest buget s\u0103 reprezinte cheltuieli pentru echipamente militare de top fabricate \u00een Rom\u00e2nia.<\/p>\n<p>El a declarat, mar\u0163i, \u00eentr-un podcast, c\u0103 sus\u0163ine reintroducerea obligativit\u0103\u0163ii stagiului militar pentru b\u0103i\u0163i, acesta fiind op\u0163ional pentru fete.<\/p>\n<p>\u201dVreau ca Armata, preg\u0103tirea militar\u0103 s\u0103 redevin\u0103 obligatorie pentru b\u0103ie\u0163i, op\u0163ional\u0103 pentru fete. Obligatorie pentru b\u0103ie\u0163i, dar \u00een ce sistem: timp de trei ani de zile, \u00eentre 18, 19, 20 de ani, deci dup\u0103 majorat, dou\u0103 luni pe an pl\u0103tite. Vreau ca to\u0163i b\u0103ie\u0163ii rom\u00e2ni \u00eentre 18 \u015fi 20 de ani, anual, s\u0103 fac\u0103 dou\u0103 luni de preg\u0103tire militar\u0103. Obligatoriu pentru b\u0103ie\u0163i, op\u0163ional pentru fete\u201d, a afirmat Daniel Funeriu.<\/p>\n<p>El spune c\u0103 Armata \u0163ine acum de tehnologie, \u201dnu trebuie s\u0103 fii neap\u0103rat pe front\u201d, c\u0103 po\u0163i fii la mii de kilometri \u015fi po\u0163i opera drone sau sisteme de ap\u0103rare, iar aceast\u0103 tehnologie trebuie \u00eenv\u0103\u0163at\u0103.<\/p>\n<p>Funeriu este de p\u0103rere c\u0103 perioada pentru realizarea acestei preg\u0103tiri poate fi discutat\u0103 \u015fi modificat\u0103.<\/p>","protected":false},"excerpt":{"rendered":"<p>Daniel Funeriu anun\u0163\u0103 c\u0103 \u00ee\u015fi ia \u201dangajamentul public\u201d c\u0103 domeniul ap\u0103r\u0103rii va beneficia de un&hellip;<\/p>\n","protected":false},"author":0,"featured_media":22188,"comment_status":"open","ping_status":"open","sticky":false,"template":"","format":"standard","meta":{"footnotes":""},"categories":[2],"tags":[],"class_list":["post-22187","post","type-post","status-publish","format-standard","has-post-thumbnail","hentry","category-actual"],"_links":{"self":[{"href":"https:\/\/247stiri.ro\/index.php\/wp-json\/wp\/v2\/posts\/22187","targetHints":{"allow":["GET"]}}],"collection":[{"href":"https:\/\/247stiri.ro\/index.php\/wp-json\/wp\/v2\/posts"}],"about":[{"href":"https:\/\/247stiri.ro\/index.php\/wp-json\/wp\/v2\/types\/post"}],"replies":[{"embeddable":true,"href":"https:\/\/247stiri.ro\/index.php\/wp-json\/wp\/v2\/comments?post=22187"}],"version-history":[{"count":0,"href":"https:\/\/247stiri.ro\/index.php\/wp-json\/wp\/v2\/posts\/22187\/revisions"}],"wp:featuredmedia":[{"embeddable":true,"href":"https:\/\/247stiri.ro\/index.php\/wp-json\/wp\/v2\/media\/22188"}],"wp:attachment":[{"href":"https:\/\/247stiri.ro\/index.php\/wp-json\/wp\/v2\/media?parent=22187"}],"wp:term":[{"taxonomy":"category","embeddable":true,"href":"https:\/\/247stiri.ro\/index.php\/wp-json\/wp\/v2\/categories?post=22187"},{"taxonomy":"post_tag","embeddable":true,"href":"https:\/\/247stiri.ro\/index.php\/wp-json\/wp\/v2\/tags?post=22187"}],"curies":[{"name":"wp","href":"https:\/\/api.w.org\/{rel}","templated":true}]}}