{"id":22192,"date":"2025-01-07T19:44:49","date_gmt":"2025-01-07T19:44:49","guid":{"rendered":"https:\/\/247stiri.ro\/index.php\/2025\/01\/07\/cancelarul-germaniei-primul-conflict-cu-viitorul-presedinte-al-sua-de-la-ce-a-pornit-totul\/"},"modified":"2025-01-07T19:44:49","modified_gmt":"2025-01-07T19:44:49","slug":"cancelarul-germaniei-primul-conflict-cu-viitorul-presedinte-al-sua-de-la-ce-a-pornit-totul","status":"publish","type":"post","link":"https:\/\/247stiri.ro\/index.php\/2025\/01\/07\/cancelarul-germaniei-primul-conflict-cu-viitorul-presedinte-al-sua-de-la-ce-a-pornit-totul\/","title":{"rendered":"Cancelarul Germaniei, primul conflict cu viitorul pre\u0219edinte al SUA. De la ce a pornit totul?"},"content":{"rendered":"<p>Cancelarul Germaniei,\u00a0Olaf Scholz, refuz\u0103 categoric s\u0103 aloce o sum\u0103 mare de bani pentru \u00eenarmarea Germaniei peste standardele cerute de\u00a0NATO. Cancelarul social-democrat Olaf Scholz a criticat mar\u0163i o propunere de cre\u015ftere a cheltuielilor de ap\u0103rare de la 2% la 3,5% din Produsul Intern Brut (PIB), adic\u0103 peste cerin\u0163ele NATO, formulat\u0103 de vicecancelarul ecologist Robert Habeck \u00een vederea alegerilor legislative din februarie, relateaz\u0103 AFP.<\/p>\n<p>&#8222;Ideea mi se pare oarecum insuficient de matur\u0103&#8221;, a declarat actualul \u015fef al guvernului \u00eentr-un interviu acordat revistei Stern.<\/p>\n<p>&#8222;Aproape c\u0103 dubleaz\u0103 din nou bugetul ap\u0103r\u0103rii, f\u0103c\u00e2ndu-l s\u0103 creasc\u0103 de la aproape 80 de miliarde de euro la 140 de miliarde de euro, f\u0103r\u0103 a spune spre ce vor fi \u00eendrepta\u0163i ace\u015fti bani \u015fi de unde vor veni. Cine va pl\u0103ti aceast\u0103 cre\u015ftere? Cet\u0103\u0163enii?&#8221;, a ad\u0103ugat Olaf Scholz.\u00centr-un interviu acordat vineri Der Spiegel, Robert Habeck, candidatul Verzilor pentru func\u0163ia de cancelar, a declarat c\u0103 o cre\u015ftere masiv\u0103 a bugetului ap\u0103r\u0103rii este necesar\u0103 pentru a preveni amenin\u0163area exercitat\u0103 de Rusia.<\/p>\n<p>&#8222;Trebuie s\u0103 cheltuim aproape de dou\u0103 ori mai mult pentru ap\u0103rarea noastr\u0103 pentru ca Putin s\u0103 nu \u00eendr\u0103zneasc\u0103 s\u0103 ne atace&#8221;, a afirmat actualul ministru al economiei \u015fi climei, spun\u00e2nd c\u0103 dore\u015fte astfel &#8222;s\u0103 \u00eempiedice noi r\u0103zboaie&#8221;.<\/p>\n<p>\u00a0\u00a0<\/p>\n<p>\u00centr-un gest de ruptur\u0103 cu cultura lor pacifist\u0103, Verzii germani sunt cei mai ferven\u0163i sus\u0163in\u0103tori ai livr\u0103rilor de arme c\u0103tre Kiev de la \u00eenceputul r\u0103zboiului \u00een Ucraina.Statele membre ale Organiza\u0163iei Tratatului Atlanticului de Nord (NATO) trebuie s\u0103 aloce cel pu\u0163in 2% din PIB pentru ap\u0103rarea lor, o regul\u0103 instituit\u0103 \u00een 2014 \u00een siajul primului r\u0103zboi ruso-ucrainean (\u00een Donbas) \u015fi a anex\u0103rii Crimeei de c\u0103tre Moscova.<\/p>\n<p>Potrivit NATO, 23 din cei 32 de membri ai Alian\u0163ei urmau s\u0103 ating\u0103 sau s\u0103 dep\u0103\u015feasc\u0103 acest prag de 2% \u00een 2024.Este pentru prima dat\u0103 cazul Germaniei, \u00een timp ce Polonia este singura \u0163ar\u0103 care dep\u0103\u015fe\u015fte 4%, iar statele baltice se apropie sau dep\u0103\u015fesc 3%.Dup\u0103 mai multe decenii de subfinan\u0163are, Olaf Scholz a creat un fond special de 100 de miliarde de euro, la doar c\u00e2teva zile dup\u0103 \u00eenceperea r\u0103zboiului \u00een Ucraina \u00een februarie 2022, pentru a re\u00eenarma \u0163ara \u015fi a-i moderniza ap\u0103rarea.Dar exper\u0163ii se \u00eendoiesc c\u0103 aceast\u0103 anvelop\u0103 \u015fi previziunile bugetare sunt suficiente pentru a men\u0163ine nivelul cheltuielilor germane pentru ap\u0103rare la 2% din PIB.Olaf Scholz refuz\u0103 de asemenea s\u0103 livreze Ucrainei rachete cu raz\u0103 lung\u0103 de ac\u0163iune Taurus, lucru pe care \u00eel justific\u0103 prin teama unei escalad\u0103ri a tensiunilor cu Rusia \u015fi se pozi\u0163ioneaz\u0103 \u00een campania electoral\u0103 ca un sus\u0163in\u0103tor al re\u0163inerii, \u00een timp ce partidul s\u0103u este \u00een mod tradi\u0163ional \u00eenclinat spre dialog cu Moscova.<\/p>","protected":false},"excerpt":{"rendered":"<p>Cancelarul Germaniei,\u00a0Olaf Scholz, refuz\u0103 categoric s\u0103 aloce o sum\u0103 mare de bani pentru \u00eenarmarea Germaniei&hellip;<\/p>\n","protected":false},"author":0,"featured_media":22168,"comment_status":"open","ping_status":"open","sticky":false,"template":"","format":"standard","meta":{"footnotes":""},"categories":[2],"tags":[],"class_list":["post-22192","post","type-post","status-publish","format-standard","has-post-thumbnail","hentry","category-actual"],"_links":{"self":[{"href":"https:\/\/247stiri.ro\/index.php\/wp-json\/wp\/v2\/posts\/22192","targetHints":{"allow":["GET"]}}],"collection":[{"href":"https:\/\/247stiri.ro\/index.php\/wp-json\/wp\/v2\/posts"}],"about":[{"href":"https:\/\/247stiri.ro\/index.php\/wp-json\/wp\/v2\/types\/post"}],"replies":[{"embeddable":true,"href":"https:\/\/247stiri.ro\/index.php\/wp-json\/wp\/v2\/comments?post=22192"}],"version-history":[{"count":0,"href":"https:\/\/247stiri.ro\/index.php\/wp-json\/wp\/v2\/posts\/22192\/revisions"}],"wp:featuredmedia":[{"embeddable":true,"href":"https:\/\/247stiri.ro\/index.php\/wp-json\/wp\/v2\/media\/22168"}],"wp:attachment":[{"href":"https:\/\/247stiri.ro\/index.php\/wp-json\/wp\/v2\/media?parent=22192"}],"wp:term":[{"taxonomy":"category","embeddable":true,"href":"https:\/\/247stiri.ro\/index.php\/wp-json\/wp\/v2\/categories?post=22192"},{"taxonomy":"post_tag","embeddable":true,"href":"https:\/\/247stiri.ro\/index.php\/wp-json\/wp\/v2\/tags?post=22192"}],"curies":[{"name":"wp","href":"https:\/\/api.w.org\/{rel}","templated":true}]}}